{"id":13429,"date":"2025-01-24T12:04:13","date_gmt":"2025-01-24T18:04:13","guid":{"rendered":"https:\/\/www.radiointeractivo.com.mx\/?p=13429"},"modified":"2025-01-24T12:04:14","modified_gmt":"2025-01-24T18:04:14","slug":"anuncia-sergio-cheko-ojeda-instalacion-de-albergue-temporal-para-repatriados","status":"publish","type":"post","link":"https:\/\/www.radiointeractivo.com.mx\/?p=13429","title":{"rendered":"Anuncia Sergio \u201cCheko\u201d Ojeda instalaci\u00f3n de albergue temporal para repatriados"},"content":{"rendered":"\n<figure class=\"wp-block-image size-large\"><img loading=\"lazy\" decoding=\"async\" width=\"1024\" height=\"545\" src=\"https:\/\/www.radiointeractivo.com.mx\/wp-content\/uploads\/2025\/01\/WhatsApp-Image-2025-01-22-at-6.11.43-PM-1-1024x545.jpeg\" alt=\"\" class=\"wp-image-13430\" srcset=\"https:\/\/www.radiointeractivo.com.mx\/wp-content\/uploads\/2025\/01\/WhatsApp-Image-2025-01-22-at-6.11.43-PM-1-1024x545.jpeg 1024w, https:\/\/www.radiointeractivo.com.mx\/wp-content\/uploads\/2025\/01\/WhatsApp-Image-2025-01-22-at-6.11.43-PM-1-300x160.jpeg 300w, https:\/\/www.radiointeractivo.com.mx\/wp-content\/uploads\/2025\/01\/WhatsApp-Image-2025-01-22-at-6.11.43-PM-1-768x409.jpeg 768w, https:\/\/www.radiointeractivo.com.mx\/wp-content\/uploads\/2025\/01\/WhatsApp-Image-2025-01-22-at-6.11.43-PM-1-310x165.jpeg 310w, https:\/\/www.radiointeractivo.com.mx\/wp-content\/uploads\/2025\/01\/WhatsApp-Image-2025-01-22-at-6.11.43-PM-1.jpeg 1125w\" sizes=\"auto, (max-width: 1024px) 100vw, 1024px\" \/><\/figure>\n\n\n\n<p>-Comenz\u00f3 la instalaci\u00f3n del refugio temporal para mexicanos deportados por Estado Unidos en Nuevo Laredo, con capacidad de al menos 2 mil 500 personas.<\/p>\n\n\n\n<p>Por: Agencias<\/p>\n\n\n\n<p>Nuevo Laredo.- Sergio \u201cCheko\u201d Ojeda Castillo, diputado local y presidente de la Comisi\u00f3n de Asuntos Fronterizos y Migratorios, anunci\u00f3 la instalaci\u00f3n del albergue temporal para repatriados en la ciudad fronteriza, ubicado en el complejo del Polyforum la Fe.<\/p>\n\n\n\n<p>\u201cEn Nuevo Laredo ya se est\u00e1 habilitando en el Polyforum La Fe, para atender al menos a 2 mil 500 hermanas y hermanos repatriados\u201d dijo el diputado, Sergio \u201cCheko\u201d Ojeda.<\/p>\n\n\n\n<p>Son tres estructuras, una de 30 por 100 metros; 40 por 100 metros y una de menor dimensi\u00f3n, que tendr\u00e1n la capacidad de albergar a 2 mil 500 personas y que cubrir\u00e1n las necesidades de alimento, refugio y salud.<\/p>\n\n\n\n<p>El \u00e1rea estar\u00e1 atendida por 12 dependencias federales, personal estatal y municipal para brindar una atenci\u00f3n integral y humanista a los mexicanos y mexicanas repatriadas.<\/p>\n\n\n\n<p>Una vez instalados los albergues operados por el gobierno federal a trav\u00e9s de la estrategia de repatriaci\u00f3n \u201cM\u00e9xico te Abraza\u201d, en los municipios fronterizos de Tamaulipas, la entidad tendr\u00e1 capacidad de recibir a 15 mil repatriados.<\/p>\n","protected":false},"excerpt":{"rendered":"<p>-Comenz\u00f3 la instalaci\u00f3n del refugio temporal para mexicanos deportados por Estado Unidos en Nuevo Laredo, con capacidad de al menos 2 mil 500 personas. Por: Agencias Nuevo Laredo.- Sergio \u201cCheko\u201d Ojeda Castillo, diputado local y presidente de la Comisi\u00f3n de Asuntos Fronterizos y Migratorios, anunci\u00f3 la instalaci\u00f3n del albergue temporal para repatriados en la ciudad &hellip;<\/p>\n","protected":false},"author":1,"featured_media":13430,"comment_status":"open","ping_status":"open","sticky":false,"template":"","format":"standard","meta":{"footnotes":""},"categories":[38],"tags":[],"class_list":["post-13429","post","type-post","status-publish","format-standard","has-post-thumbnail","","category-nuevo-laredo"],"_links":{"self":[{"href":"https:\/\/www.radiointeractivo.com.mx\/index.php?rest_route=\/wp\/v2\/posts\/13429","targetHints":{"allow":["GET"]}}],"collection":[{"href":"https:\/\/www.radiointeractivo.com.mx\/index.php?rest_route=\/wp\/v2\/posts"}],"about":[{"href":"https:\/\/www.radiointeractivo.com.mx\/index.php?rest_route=\/wp\/v2\/types\/post"}],"author":[{"embeddable":true,"href":"https:\/\/www.radiointeractivo.com.mx\/index.php?rest_route=\/wp\/v2\/users\/1"}],"replies":[{"embeddable":true,"href":"https:\/\/www.radiointeractivo.com.mx\/index.php?rest_route=%2Fwp%2Fv2%2Fcomments&post=13429"}],"version-history":[{"count":1,"href":"https:\/\/www.radiointeractivo.com.mx\/index.php?rest_route=\/wp\/v2\/posts\/13429\/revisions"}],"predecessor-version":[{"id":13431,"href":"https:\/\/www.radiointeractivo.com.mx\/index.php?rest_route=\/wp\/v2\/posts\/13429\/revisions\/13431"}],"wp:featuredmedia":[{"embeddable":true,"href":"https:\/\/www.radiointeractivo.com.mx\/index.php?rest_route=\/wp\/v2\/media\/13430"}],"wp:attachment":[{"href":"https:\/\/www.radiointeractivo.com.mx\/index.php?rest_route=%2Fwp%2Fv2%2Fmedia&parent=13429"}],"wp:term":[{"taxonomy":"category","embeddable":true,"href":"https:\/\/www.radiointeractivo.com.mx\/index.php?rest_route=%2Fwp%2Fv2%2Fcategories&post=13429"},{"taxonomy":"post_tag","embeddable":true,"href":"https:\/\/www.radiointeractivo.com.mx\/index.php?rest_route=%2Fwp%2Fv2%2Ftags&post=13429"}],"curies":[{"name":"wp","href":"https:\/\/api.w.org\/{rel}","templated":true}]}}