{"id":13389,"date":"2025-01-23T16:44:40","date_gmt":"2025-01-23T22:44:40","guid":{"rendered":"https:\/\/www.radiointeractivo.com.mx\/?p=13389"},"modified":"2025-01-23T16:44:41","modified_gmt":"2025-01-23T22:44:41","slug":"trabaja-sebien-en-capacitacion-de-personal","status":"publish","type":"post","link":"https:\/\/www.radiointeractivo.com.mx\/?p=13389","title":{"rendered":"Trabaja SEBIEN en capacitaci\u00f3n de personal"},"content":{"rendered":"\n<figure class=\"wp-block-image size-large\"><img loading=\"lazy\" decoding=\"async\" width=\"1024\" height=\"682\" src=\"https:\/\/www.radiointeractivo.com.mx\/wp-content\/uploads\/2025\/01\/WhatsApp-Image-2025-01-22-at-7.03.02-PM-1024x682.jpeg\" alt=\"\" class=\"wp-image-13390\" srcset=\"https:\/\/www.radiointeractivo.com.mx\/wp-content\/uploads\/2025\/01\/WhatsApp-Image-2025-01-22-at-7.03.02-PM-1024x682.jpeg 1024w, https:\/\/www.radiointeractivo.com.mx\/wp-content\/uploads\/2025\/01\/WhatsApp-Image-2025-01-22-at-7.03.02-PM-300x200.jpeg 300w, https:\/\/www.radiointeractivo.com.mx\/wp-content\/uploads\/2025\/01\/WhatsApp-Image-2025-01-22-at-7.03.02-PM-768x512.jpeg 768w, https:\/\/www.radiointeractivo.com.mx\/wp-content\/uploads\/2025\/01\/WhatsApp-Image-2025-01-22-at-7.03.02-PM-1536x1023.jpeg 1536w, https:\/\/www.radiointeractivo.com.mx\/wp-content\/uploads\/2025\/01\/WhatsApp-Image-2025-01-22-at-7.03.02-PM-310x205.jpeg 310w, https:\/\/www.radiointeractivo.com.mx\/wp-content\/uploads\/2025\/01\/WhatsApp-Image-2025-01-22-at-7.03.02-PM.jpeg 1600w\" sizes=\"auto, (max-width: 1024px) 100vw, 1024px\" \/><\/figure>\n\n\n\n<p>-Se busca desarrollar talleres, temas y actividades que optimicen las capacidades y el desempe\u00f1o de las y los servidores p\u00fablicos<\/p>\n\n\n\n<p>Por: Agencias<\/p>\n\n\n\n<p>Ciudad Victoria, Tamaulipas.- La Secretar\u00eda de Bienestar Social (SEBIEN), que encabeza Silvia Casas Gonz\u00e1lez, a trav\u00e9s de la Coordinaci\u00f3n de Formaci\u00f3n y Capacitaci\u00f3n, llev\u00f3 a cabo una &#8220;Sesi\u00f3n de An\u00e1lisis de Competencias Formativas&#8221;, con servidores p\u00fablicos de la dependencia con el objetivo de profundizar en el conocimiento de las necesidades de capacitaci\u00f3n y atender inquietudes dentro de cada una de las \u00e1reas.<\/p>\n\n\n\n<p>El evento, se realiz\u00f3 en el Sal\u00f3n Polivalente de la Torre Bicentenario, con una duraci\u00f3n de 60 minutos y estuvo dirigido a personal directivo de la SEBIEN. La apertura estuvo a cargo de Norma Paola Mata Esparza, mientras que la moderaci\u00f3n fue conducida por Claudia Leticia Gallardo Guzm\u00e1n.<\/p>\n\n\n\n<p>Durante la sesi\u00f3n, se trabaj\u00f3 en la detecci\u00f3n de necesidades de capacitaci\u00f3n espec\u00edficas por \u00e1rea, lo que permitir\u00e1 realizar un diagn\u00f3stico claro para el dise\u00f1o de un plan de capacitaci\u00f3n a la medida. Con ello, se busca favorecer un ambiente de trabajo m\u00e1s eficiente y fortalecer el compromiso organizacional con el desarrollo profesional del personal.<\/p>\n\n\n\n<p>Cabe destacar que anteriormente la Coordinaci\u00f3n de Formaci\u00f3n y Capacitaci\u00f3n de la SEBIEN llev\u00f3 a cabo el Diagn\u00f3stico de Necesidades de Capacitaci\u00f3n 2025 (DNC) en un ejercicio simult\u00e1neo y presencial en los pisos 18, 19 y 20 de la Torre Bicentenario.<\/p>\n\n\n\n<p>Este diagn\u00f3stico tuvo el objetivo de identificar las \u00e1reas de mejora y necesidades espec\u00edficas de formaci\u00f3n dentro de la secretar\u00eda, permitiendo desarrollar talleres, temas y actividades que optimicen las capacidades y el desempe\u00f1o de los servidores p\u00fablicos.<\/p>\n\n\n\n<p>La titular de la SEBIEN, reafirm\u00f3 su compromiso de brindar las herramientas necesarias para el crecimiento y mejora continua de su equipo de trabajo, en beneficio de la poblaci\u00f3n tamaulipeca.<\/p>\n","protected":false},"excerpt":{"rendered":"<p>-Se busca desarrollar talleres, temas y actividades que optimicen las capacidades y el desempe\u00f1o de las y los servidores p\u00fablicos Por: Agencias Ciudad Victoria, Tamaulipas.- La Secretar\u00eda de Bienestar Social (SEBIEN), que encabeza Silvia Casas Gonz\u00e1lez, a trav\u00e9s de la Coordinaci\u00f3n de Formaci\u00f3n y Capacitaci\u00f3n, llev\u00f3 a cabo una &#8220;Sesi\u00f3n de An\u00e1lisis de Competencias Formativas&#8221;, &hellip;<\/p>\n","protected":false},"author":1,"featured_media":13390,"comment_status":"open","ping_status":"open","sticky":false,"template":"","format":"standard","meta":{"footnotes":""},"categories":[39],"tags":[],"class_list":["post-13389","post","type-post","status-publish","format-standard","has-post-thumbnail","","category-tamaulipas"],"_links":{"self":[{"href":"https:\/\/www.radiointeractivo.com.mx\/index.php?rest_route=\/wp\/v2\/posts\/13389","targetHints":{"allow":["GET"]}}],"collection":[{"href":"https:\/\/www.radiointeractivo.com.mx\/index.php?rest_route=\/wp\/v2\/posts"}],"about":[{"href":"https:\/\/www.radiointeractivo.com.mx\/index.php?rest_route=\/wp\/v2\/types\/post"}],"author":[{"embeddable":true,"href":"https:\/\/www.radiointeractivo.com.mx\/index.php?rest_route=\/wp\/v2\/users\/1"}],"replies":[{"embeddable":true,"href":"https:\/\/www.radiointeractivo.com.mx\/index.php?rest_route=%2Fwp%2Fv2%2Fcomments&post=13389"}],"version-history":[{"count":1,"href":"https:\/\/www.radiointeractivo.com.mx\/index.php?rest_route=\/wp\/v2\/posts\/13389\/revisions"}],"predecessor-version":[{"id":13391,"href":"https:\/\/www.radiointeractivo.com.mx\/index.php?rest_route=\/wp\/v2\/posts\/13389\/revisions\/13391"}],"wp:featuredmedia":[{"embeddable":true,"href":"https:\/\/www.radiointeractivo.com.mx\/index.php?rest_route=\/wp\/v2\/media\/13390"}],"wp:attachment":[{"href":"https:\/\/www.radiointeractivo.com.mx\/index.php?rest_route=%2Fwp%2Fv2%2Fmedia&parent=13389"}],"wp:term":[{"taxonomy":"category","embeddable":true,"href":"https:\/\/www.radiointeractivo.com.mx\/index.php?rest_route=%2Fwp%2Fv2%2Fcategories&post=13389"},{"taxonomy":"post_tag","embeddable":true,"href":"https:\/\/www.radiointeractivo.com.mx\/index.php?rest_route=%2Fwp%2Fv2%2Ftags&post=13389"}],"curies":[{"name":"wp","href":"https:\/\/api.w.org\/{rel}","templated":true}]}}