{"id":13378,"date":"2025-01-23T14:27:40","date_gmt":"2025-01-23T20:27:40","guid":{"rendered":"https:\/\/www.radiointeractivo.com.mx\/?p=13378"},"modified":"2025-01-23T14:27:44","modified_gmt":"2025-01-23T20:27:44","slug":"invitan-a-participar-en-el-selectivo-municipal-de-taekwondo-con-miras-a-los-juegos-conade-2025","status":"publish","type":"post","link":"https:\/\/www.radiointeractivo.com.mx\/?p=13378","title":{"rendered":"INVITAN A PARTICIPAR EN EL SELECTIVO MUNICIPAL DE TAEKWONDO CON MIRAS A LOS JUEGOS CONADE 2025"},"content":{"rendered":"\n<figure class=\"wp-block-image size-large\"><img loading=\"lazy\" decoding=\"async\" width=\"1024\" height=\"682\" src=\"https:\/\/www.radiointeractivo.com.mx\/wp-content\/uploads\/2025\/01\/WhatsApp-Image-2025-01-23-at-12.43.37-PM-1024x682.jpeg\" alt=\"\" class=\"wp-image-13379\" srcset=\"https:\/\/www.radiointeractivo.com.mx\/wp-content\/uploads\/2025\/01\/WhatsApp-Image-2025-01-23-at-12.43.37-PM-1024x682.jpeg 1024w, https:\/\/www.radiointeractivo.com.mx\/wp-content\/uploads\/2025\/01\/WhatsApp-Image-2025-01-23-at-12.43.37-PM-300x200.jpeg 300w, https:\/\/www.radiointeractivo.com.mx\/wp-content\/uploads\/2025\/01\/WhatsApp-Image-2025-01-23-at-12.43.37-PM-768x512.jpeg 768w, https:\/\/www.radiointeractivo.com.mx\/wp-content\/uploads\/2025\/01\/WhatsApp-Image-2025-01-23-at-12.43.37-PM-310x205.jpeg 310w, https:\/\/www.radiointeractivo.com.mx\/wp-content\/uploads\/2025\/01\/WhatsApp-Image-2025-01-23-at-12.43.37-PM.jpeg 1280w\" sizes=\"auto, (max-width: 1024px) 100vw, 1024px\" \/><\/figure>\n\n\n\n<p>Por: Staff | #NuevoLaredo #Laredo #NLD #Tamaulipas<\/p>\n\n\n\n<p>El Gobierno Municipal, reafirmando su compromiso con el deporte y la salud f\u00edsica, invita a participar en el selectivo municipal de Taekwondo con miras al selectivo estatal rumbo a los Juegos Conade 2025.<\/p>\n\n\n\n<p>Este importante evento de artes marciales se realizar\u00e1 el 1 de febrero a partir de las 9:00 de la ma\u00f1ana en el Gimnasio de la Unidad Deportiva \u201cBenito Ju\u00e1rez\u201d, la fecha l\u00edmite para registrarse es el 24 de enero.<\/p>\n\n\n\n<p>Salomon Valencia Hinojosa, director de Cultura F\u00edsica y Deporte se\u00f1al\u00f3 que en esta temporada se realizan los selectivos municipales en todas las ramas deportivas y hay grandes expectativas para los deportistas neolaredenses.<\/p>\n\n\n\n<p>\u201cTenemos los selectivos municipales rumbo a los juegos nacionales CONADE 2025 a fin de mes tenemos lo que es el Taekwondo y atletismo recordando que estas actividades son para sacar a nuestros representantes para ir a la etapa estatal, estamos esperando m\u00e1s de 50 participantes\u201d, se\u00f1al\u00f3 Valencia Hinojosa.<\/p>\n\n\n\n<p>Los requisitos para registrarse son copia del acta de nacimiento, CURP, identificaci\u00f3n oficial, credencial INE; llenar carta responsiva y c\u00e9dula de inscripci\u00f3n.<\/p>\n\n\n\n<p>Ser\u00e1n dos ramas a participar; femenil y varonil en las categor\u00edas 10-11 a\u00f1os; 12-14; 15-17 y 18 a 20 a\u00f1os.<\/p>\n\n\n\n<p>A los participantes se les convocar\u00e1 a una reuni\u00f3n previa el 31 de enero a las 4:00 de la tarde en el Gimnasio de Box \u201cFinito L\u00f3pez\u201d, donde se afinar\u00e1n los detalles para el torneo selectivo.<\/p>\n\n\n\n<p>Para mayor informaci\u00f3n, los interesados pueden dirigirse a la Direcci\u00f3n de Cultura F\u00edsica y Deporte dentro de las instalaciones de la Unidad Deportiva Benito Ju\u00e1rez o comunicarse al tel\u00e9fono 867-719-4782 de lunes a viernes de 8 de la ma\u00f1ana a 3:30 de la tarde.<\/p>\n","protected":false},"excerpt":{"rendered":"<p>Por: Staff | #NuevoLaredo #Laredo #NLD #Tamaulipas El Gobierno Municipal, reafirmando su compromiso con el deporte y la salud f\u00edsica, invita a participar en el selectivo municipal de Taekwondo con miras al selectivo estatal rumbo a los Juegos Conade 2025. Este importante evento de artes marciales se realizar\u00e1 el 1 de febrero a partir de &hellip;<\/p>\n","protected":false},"author":1,"featured_media":13379,"comment_status":"open","ping_status":"open","sticky":false,"template":"","format":"standard","meta":{"footnotes":""},"categories":[38],"tags":[],"class_list":["post-13378","post","type-post","status-publish","format-standard","has-post-thumbnail","","category-nuevo-laredo"],"_links":{"self":[{"href":"https:\/\/www.radiointeractivo.com.mx\/index.php?rest_route=\/wp\/v2\/posts\/13378","targetHints":{"allow":["GET"]}}],"collection":[{"href":"https:\/\/www.radiointeractivo.com.mx\/index.php?rest_route=\/wp\/v2\/posts"}],"about":[{"href":"https:\/\/www.radiointeractivo.com.mx\/index.php?rest_route=\/wp\/v2\/types\/post"}],"author":[{"embeddable":true,"href":"https:\/\/www.radiointeractivo.com.mx\/index.php?rest_route=\/wp\/v2\/users\/1"}],"replies":[{"embeddable":true,"href":"https:\/\/www.radiointeractivo.com.mx\/index.php?rest_route=%2Fwp%2Fv2%2Fcomments&post=13378"}],"version-history":[{"count":1,"href":"https:\/\/www.radiointeractivo.com.mx\/index.php?rest_route=\/wp\/v2\/posts\/13378\/revisions"}],"predecessor-version":[{"id":13380,"href":"https:\/\/www.radiointeractivo.com.mx\/index.php?rest_route=\/wp\/v2\/posts\/13378\/revisions\/13380"}],"wp:featuredmedia":[{"embeddable":true,"href":"https:\/\/www.radiointeractivo.com.mx\/index.php?rest_route=\/wp\/v2\/media\/13379"}],"wp:attachment":[{"href":"https:\/\/www.radiointeractivo.com.mx\/index.php?rest_route=%2Fwp%2Fv2%2Fmedia&parent=13378"}],"wp:term":[{"taxonomy":"category","embeddable":true,"href":"https:\/\/www.radiointeractivo.com.mx\/index.php?rest_route=%2Fwp%2Fv2%2Fcategories&post=13378"},{"taxonomy":"post_tag","embeddable":true,"href":"https:\/\/www.radiointeractivo.com.mx\/index.php?rest_route=%2Fwp%2Fv2%2Ftags&post=13378"}],"curies":[{"name":"wp","href":"https:\/\/api.w.org\/{rel}","templated":true}]}}