{"id":1328,"date":"2023-09-02T03:53:32","date_gmt":"2023-09-02T03:53:32","guid":{"rendered":"https:\/\/www.radiointeractivo.com.mx\/?p=1328"},"modified":"2023-09-02T03:53:32","modified_gmt":"2023-09-02T03:53:32","slug":"tamaulipas-b-y-chivas-por-titulo-de-la-copa-tamaulipas-internacional-2023","status":"publish","type":"post","link":"https:\/\/www.radiointeractivo.com.mx\/?p=1328","title":{"rendered":"Tamaulipas B y Chivas por t\u00edtulo de la \u201cCopa Tamaulipas Internacional 2023\u201d"},"content":{"rendered":"\n<p>Por: Agencias<\/p>\n\n\n\n<p>Ciudad Victoria, Tamaulipas.- El equipo Tamaulipas B (Tampico), enfrentar\u00e1 a las Chivas, por el t\u00edtulo de la categor\u00eda Sub 13 dentro de la Copa Tamaulipas Internacional de f\u00fatbol varonil.<\/p>\n\n\n\n<p>Las semifinales se disputaron en el estadio \u201cMarte R. G\u00f3mez\u201d; en primera instancia, el equipo de Tamaulipas B se encarg\u00f3 de dejar en el camino a Copa UAT Naranja (Ciudad Victoria), con un contundente marcador de tres goles por cero.<\/p>\n\n\n\n<p>Mientras que la escuadra del Reba\u00f1o Sagrado se enfrent\u00f3 a Defensa y Justicia de Argentina y luego de terminar empatados sin goles durante el tiempo regular, en tandas de penales los rojiblancos se quedaron con la victoria con un marcador de 5-4.<\/p>\n\n\n\n<p>La mesa est\u00e1 puesta para que Chivas y Tamaulipas B, salten a la cancha este s\u00e1bado en punto de las 18:00 horas en el estadio de \u201cMarte R. G\u00f3mez\u201d, en un duelo de poder a poder.<\/p>\n","protected":false},"excerpt":{"rendered":"<p>Por: Agencias Ciudad Victoria, Tamaulipas.- El equipo Tamaulipas B (Tampico), enfrentar\u00e1 a las Chivas, por el t\u00edtulo de la categor\u00eda Sub 13 dentro de la Copa Tamaulipas Internacional de f\u00fatbol varonil. Las semifinales se disputaron en el estadio \u201cMarte R. G\u00f3mez\u201d; en primera instancia, el equipo de Tamaulipas B se encarg\u00f3 de dejar en el &hellip;<\/p>\n","protected":false},"author":1,"featured_media":1329,"comment_status":"open","ping_status":"open","sticky":false,"template":"","format":"standard","meta":{"footnotes":""},"categories":[39],"tags":[],"class_list":["post-1328","post","type-post","status-publish","format-standard","has-post-thumbnail","","category-tamaulipas"],"_links":{"self":[{"href":"https:\/\/www.radiointeractivo.com.mx\/index.php?rest_route=\/wp\/v2\/posts\/1328","targetHints":{"allow":["GET"]}}],"collection":[{"href":"https:\/\/www.radiointeractivo.com.mx\/index.php?rest_route=\/wp\/v2\/posts"}],"about":[{"href":"https:\/\/www.radiointeractivo.com.mx\/index.php?rest_route=\/wp\/v2\/types\/post"}],"author":[{"embeddable":true,"href":"https:\/\/www.radiointeractivo.com.mx\/index.php?rest_route=\/wp\/v2\/users\/1"}],"replies":[{"embeddable":true,"href":"https:\/\/www.radiointeractivo.com.mx\/index.php?rest_route=%2Fwp%2Fv2%2Fcomments&post=1328"}],"version-history":[{"count":1,"href":"https:\/\/www.radiointeractivo.com.mx\/index.php?rest_route=\/wp\/v2\/posts\/1328\/revisions"}],"predecessor-version":[{"id":1330,"href":"https:\/\/www.radiointeractivo.com.mx\/index.php?rest_route=\/wp\/v2\/posts\/1328\/revisions\/1330"}],"wp:featuredmedia":[{"embeddable":true,"href":"https:\/\/www.radiointeractivo.com.mx\/index.php?rest_route=\/wp\/v2\/media\/1329"}],"wp:attachment":[{"href":"https:\/\/www.radiointeractivo.com.mx\/index.php?rest_route=%2Fwp%2Fv2%2Fmedia&parent=1328"}],"wp:term":[{"taxonomy":"category","embeddable":true,"href":"https:\/\/www.radiointeractivo.com.mx\/index.php?rest_route=%2Fwp%2Fv2%2Fcategories&post=1328"},{"taxonomy":"post_tag","embeddable":true,"href":"https:\/\/www.radiointeractivo.com.mx\/index.php?rest_route=%2Fwp%2Fv2%2Ftags&post=1328"}],"curies":[{"name":"wp","href":"https:\/\/api.w.org\/{rel}","templated":true}]}}