{"id":13192,"date":"2025-01-17T18:17:05","date_gmt":"2025-01-18T00:17:05","guid":{"rendered":"https:\/\/www.radiointeractivo.com.mx\/?p=13192"},"modified":"2025-01-17T18:17:06","modified_gmt":"2025-01-18T00:17:06","slug":"invitan-a-inauguracion-de-la-galeria-bravo-una-nueva-oferta-cultural-en-nuevo-laredo","status":"publish","type":"post","link":"https:\/\/www.radiointeractivo.com.mx\/?p=13192","title":{"rendered":"Invitan a inauguraci\u00f3n de la Galer\u00eda Bravo, una nueva oferta cultural en Nuevo Laredo"},"content":{"rendered":"\n<figure class=\"wp-block-image size-large\"><img loading=\"lazy\" decoding=\"async\" width=\"1024\" height=\"768\" src=\"https:\/\/www.radiointeractivo.com.mx\/wp-content\/uploads\/2025\/01\/WhatsApp-Image-2025-01-17-at-2.20.48-PM-1024x768.jpeg\" alt=\"\" class=\"wp-image-13193\" srcset=\"https:\/\/www.radiointeractivo.com.mx\/wp-content\/uploads\/2025\/01\/WhatsApp-Image-2025-01-17-at-2.20.48-PM-1024x768.jpeg 1024w, https:\/\/www.radiointeractivo.com.mx\/wp-content\/uploads\/2025\/01\/WhatsApp-Image-2025-01-17-at-2.20.48-PM-300x225.jpeg 300w, https:\/\/www.radiointeractivo.com.mx\/wp-content\/uploads\/2025\/01\/WhatsApp-Image-2025-01-17-at-2.20.48-PM-768x576.jpeg 768w, https:\/\/www.radiointeractivo.com.mx\/wp-content\/uploads\/2025\/01\/WhatsApp-Image-2025-01-17-at-2.20.48-PM-1536x1152.jpeg 1536w, https:\/\/www.radiointeractivo.com.mx\/wp-content\/uploads\/2025\/01\/WhatsApp-Image-2025-01-17-at-2.20.48-PM.jpeg 1600w\" sizes=\"auto, (max-width: 1024px) 100vw, 1024px\" \/><\/figure>\n\n\n\n<p>Por: Staff | #NuevoLaredo #Laredo #NLD #Tamaulipas<\/p>\n\n\n\n<p>Los artistas de los Dos Laredos tendr\u00e1n a su alcance una nueva alternativa para proyectar su talento y dar a conocer su trabajo creativo en todas las disciplinas de la bellas artes.<\/p>\n\n\n\n<p>Esto ser\u00e1 posible en la Galer\u00eda Bravo, un nuevo espacio cultural independiente que ser\u00e1 inaugurado el s\u00e1bado 18 de enero de 2025 a partir de las 11:00 de la ma\u00f1ana.<\/p>\n\n\n\n<p>La apertura del lugar ser\u00e1 con un festejo dedicado a los artistas de ambos lados de la frontera, a quienes se les ofrecer\u00e1 un brindis y un ambig\u00fa.<\/p>\n\n\n\n<p>Tambi\u00e9n habr\u00e1 micr\u00f3fono abierto para quienes deseen presentar alg\u00fan cuadro art\u00edstico y el momento ser\u00e1 aprovechado para recibir propuestas de aquellos que tengan alg\u00fan proyecto y deseen ser parte de la agenda de actividades de 2025.<\/p>\n\n\n\n<p>Este nuevo espacio cultural se ubica en la esquina de Bravo y Galeana, en el Centro Hist\u00f3rico de Nuevo Laredo, Tamaulipas, a una cuadra de la plaza Ju\u00e1rez, antes de llegar a la bandera monumental del parque Morelos.<\/p>\n\n\n\n<p>Marcos Rodr\u00edguez Leija, director del recinto, dijo que la oferta ser\u00e1 amplia, pues abarcar\u00e1 la presentaci\u00f3n de actividades art\u00edsticas gratuitas como lecturas de cuento y recitales de poes\u00eda, conciertos musicales, representaciones teatrales, presentaciones de obras literarias, proyecciones de cine, conferencias y yoga, entre otras actividades para todo tipo de p\u00fablico.<\/p>\n\n\n\n<p>Tambi\u00e9n se impartir\u00e1n talleres creativos gratuitos para que la comunidad tenga acceso al derecho univeral de la ense\u00f1anza art\u00edstica y habr\u00e1 otros cursos que tendr\u00e1n costo con el objetivo de reactivar la econom\u00eda de los artistas.<\/p>\n\n\n\n<p>Adem\u00e1s contar\u00e1 con la venta de libros y obras de arte, as\u00ed como con un acervo hist\u00f3rico y documental importante del cual pr\u00f3ximamente se dar\u00e1n a conocer detalles y al que la comunidad tendr\u00e1 acceso gratuito y por primera vez saldr\u00e1 a la luz en la historia cultural de la ciudad.<\/p>\n\n\n\n<p>Los horarios de apertura inicial ser\u00e1n de lunes a viernes de 9:00 de la ma\u00f1ana a 5:00 de la tarde y los s\u00e1bados de 10:00 de la ma\u00f1ana a 2:00 de la tarde, los cuales se ir\u00e1n ampliando gradualmente de acuerdo con las propuestas art\u00edsticas y a la din\u00e1mica de la comunidad en general.<\/p>\n\n\n\n<p>El espacio cuenta con un auditorio, un \u00e1rea para talleres, para exposiciones de arte y un \u00e1rea de descanso en el que los asistentes podr\u00e1n leer, desarrollar sus t\u00e9cnicas de ajedr\u00e9z o su destreza en diversos juegos de mesa.<\/p>\n\n\n\n<p>Marcos Rodr\u00edguez Leija inform\u00f3 que la Galer\u00eda Bravo inciar\u00e1 su apertura el s\u00e1bado 18 de enero a las 11:00 de la ma\u00f1ana con un festejo para los artistas de los Dos Laredos, a quienes convoc\u00f3 a llevar propuestas que deseen desarrollar en dicho espacio a lo largo del a\u00f1o.<\/p>\n\n\n\n<p>Posteriormente, el s\u00e1bado 25 de enero, a partir de las 11:00 de la ma\u00f1ana se tiene programado un concierto ac\u00fastico bohemio con el cantautor neolaredense &#8220;Luckyfer&#8221; y el 4 de febrero dar\u00e1 inicio un taller de dibujo para principiantes al que gradualmente se a\u00f1adir\u00e1n talleres de literatura, de arte dram\u00e1tico, guitarra, fotograf\u00eda y composici\u00f3n de canciones, entre otros.<\/p>\n\n\n\n<p>Cabe destacar que antes de esta apertura oficial, durante el mes de diciembre este espacio llev\u00f3 a cabo, como pre\u00e1mbulo, un exitoso concierto a beneficio de los ni\u00f1os que alberga el Ej\u00e9rcito de Salvaci\u00f3n de Nuevo Laredo, actividad en la que participaron las destacadas cantantes neolaedenses Melany Cepeda, Camila Yamileth Aldana, las hermanas Frida y Juno Sandoval, Samantha L\u00f3pez, Paola Barajas y Ericka Luna.<\/p>\n\n\n\n<p>Para mayores informes los interesados pueden comunicarse a los tel\u00e9fonos (867) 175-6148 y al (867) 465-9428. Tambi\u00e9n pueden enviar un mensaje a los correos marcosleija@gmail.com y a galeriabravonld@gmail.com<\/p>\n","protected":false},"excerpt":{"rendered":"<p>Por: Staff | #NuevoLaredo #Laredo #NLD #Tamaulipas Los artistas de los Dos Laredos tendr\u00e1n a su alcance una nueva alternativa para proyectar su talento y dar a conocer su trabajo creativo en todas las disciplinas de la bellas artes. Esto ser\u00e1 posible en la Galer\u00eda Bravo, un nuevo espacio cultural independiente que ser\u00e1 inaugurado el &hellip;<\/p>\n","protected":false},"author":1,"featured_media":13194,"comment_status":"open","ping_status":"open","sticky":false,"template":"","format":"standard","meta":{"footnotes":""},"categories":[38],"tags":[],"class_list":["post-13192","post","type-post","status-publish","format-standard","has-post-thumbnail","","category-nuevo-laredo"],"_links":{"self":[{"href":"https:\/\/www.radiointeractivo.com.mx\/index.php?rest_route=\/wp\/v2\/posts\/13192","targetHints":{"allow":["GET"]}}],"collection":[{"href":"https:\/\/www.radiointeractivo.com.mx\/index.php?rest_route=\/wp\/v2\/posts"}],"about":[{"href":"https:\/\/www.radiointeractivo.com.mx\/index.php?rest_route=\/wp\/v2\/types\/post"}],"author":[{"embeddable":true,"href":"https:\/\/www.radiointeractivo.com.mx\/index.php?rest_route=\/wp\/v2\/users\/1"}],"replies":[{"embeddable":true,"href":"https:\/\/www.radiointeractivo.com.mx\/index.php?rest_route=%2Fwp%2Fv2%2Fcomments&post=13192"}],"version-history":[{"count":1,"href":"https:\/\/www.radiointeractivo.com.mx\/index.php?rest_route=\/wp\/v2\/posts\/13192\/revisions"}],"predecessor-version":[{"id":13195,"href":"https:\/\/www.radiointeractivo.com.mx\/index.php?rest_route=\/wp\/v2\/posts\/13192\/revisions\/13195"}],"wp:featuredmedia":[{"embeddable":true,"href":"https:\/\/www.radiointeractivo.com.mx\/index.php?rest_route=\/wp\/v2\/media\/13194"}],"wp:attachment":[{"href":"https:\/\/www.radiointeractivo.com.mx\/index.php?rest_route=%2Fwp%2Fv2%2Fmedia&parent=13192"}],"wp:term":[{"taxonomy":"category","embeddable":true,"href":"https:\/\/www.radiointeractivo.com.mx\/index.php?rest_route=%2Fwp%2Fv2%2Fcategories&post=13192"},{"taxonomy":"post_tag","embeddable":true,"href":"https:\/\/www.radiointeractivo.com.mx\/index.php?rest_route=%2Fwp%2Fv2%2Ftags&post=13192"}],"curies":[{"name":"wp","href":"https:\/\/api.w.org\/{rel}","templated":true}]}}