{"id":13123,"date":"2025-01-16T13:43:37","date_gmt":"2025-01-16T19:43:37","guid":{"rendered":"https:\/\/www.radiointeractivo.com.mx\/?p=13123"},"modified":"2025-01-16T13:43:38","modified_gmt":"2025-01-16T19:43:38","slug":"gobierno-municipal-pone-en-marcha-jornada-de-vacunacion-drive-thru","status":"publish","type":"post","link":"https:\/\/www.radiointeractivo.com.mx\/?p=13123","title":{"rendered":"GOBIERNO MUNICIPAL PONE EN MARCHA JORNADA DE VACUNACI\u00d3N DRIVE THRU"},"content":{"rendered":"\n<figure class=\"wp-block-image size-large\"><img loading=\"lazy\" decoding=\"async\" width=\"1024\" height=\"684\" src=\"https:\/\/www.radiointeractivo.com.mx\/wp-content\/uploads\/2025\/01\/WhatsApp-Image-2025-01-16-at-12.56.43-PM-1024x684.jpeg\" alt=\"\" class=\"wp-image-13124\" srcset=\"https:\/\/www.radiointeractivo.com.mx\/wp-content\/uploads\/2025\/01\/WhatsApp-Image-2025-01-16-at-12.56.43-PM-1024x684.jpeg 1024w, https:\/\/www.radiointeractivo.com.mx\/wp-content\/uploads\/2025\/01\/WhatsApp-Image-2025-01-16-at-12.56.43-PM-300x200.jpeg 300w, https:\/\/www.radiointeractivo.com.mx\/wp-content\/uploads\/2025\/01\/WhatsApp-Image-2025-01-16-at-12.56.43-PM-768x513.jpeg 768w, https:\/\/www.radiointeractivo.com.mx\/wp-content\/uploads\/2025\/01\/WhatsApp-Image-2025-01-16-at-12.56.43-PM-1536x1026.jpeg 1536w, https:\/\/www.radiointeractivo.com.mx\/wp-content\/uploads\/2025\/01\/WhatsApp-Image-2025-01-16-at-12.56.43-PM.jpeg 1600w\" sizes=\"auto, (max-width: 1024px) 100vw, 1024px\" \/><\/figure>\n\n\n\n<p>Por: Staff | #NuevoLaredo #Laredo #NLD #Tamaulipas<\/p>\n\n\n\n<p>Personas de todas las edades aprovecharon la campa\u00f1a de vacunaci\u00f3n Drive Thru contra la Influenza, Covid 19 y Neumococo realizada por el Gobierno de Nuevo Laredo a trav\u00e9s de la Direcci\u00f3n de Salud, en esta jornada tambi\u00e9n se aplicaron dosis contra el Virus del Papiloma Humano para ni\u00f1os y ni\u00f1as de quinto grado de primaria.<\/p>\n\n\n\n<p>Esta campa\u00f1a inici\u00f3 este jueves 16 de enero y continuar\u00e1 ma\u00f1ana viernes 17 de enero de 10 de la ma\u00f1ana a 2 de la tarde en la Avenida Guerrero frente al Monumento a Fundadores.<\/p>\n\n\n\n<p>La jornada de vacunaci\u00f3n est\u00e1 abierta a toda la poblaci\u00f3n desde los seis meses de edad, ni\u00f1os, adolescentes y adultos mayores con la intenci\u00f3n de completar esquemas de vacunaci\u00f3n y prevenir cualquier complicaci\u00f3n de enfermedades sobre todo respiratorias en esta temporada invernal.<\/p>\n\n\n\n<p>\u201cEstamos invitando a la poblaci\u00f3n a unirse a esta campa\u00f1a emprendida por nuestra presidenta Carmen Lilia Canturosas Villarreal, siempre comprometida con el tema de la salud, sobre todo, la prevenci\u00f3n; estamos tratando de cubrir este periodo que se acerca con temperaturas muy fr\u00edas\u201d, se\u00f1al\u00f3 Rebeca Soriano Gonz\u00e1lez, directora de Salud Municipal.<\/p>\n\n\n\n<p>Soriano Gonz\u00e1lez reiter\u00f3 la invitaci\u00f3n a la poblaci\u00f3n a acudir a esta campa\u00f1a, con la confianza de que existen suficientes dosis para vacunar a quien lo necesite, sin requisitos y sin tiempo de espera, pues se aplica la vacuna en el autom\u00f3vil.<\/p>\n","protected":false},"excerpt":{"rendered":"<p>Por: Staff | #NuevoLaredo #Laredo #NLD #Tamaulipas Personas de todas las edades aprovecharon la campa\u00f1a de vacunaci\u00f3n Drive Thru contra la Influenza, Covid 19 y Neumococo realizada por el Gobierno de Nuevo Laredo a trav\u00e9s de la Direcci\u00f3n de Salud, en esta jornada tambi\u00e9n se aplicaron dosis contra el Virus del Papiloma Humano para ni\u00f1os &hellip;<\/p>\n","protected":false},"author":1,"featured_media":13125,"comment_status":"open","ping_status":"open","sticky":false,"template":"","format":"standard","meta":{"footnotes":""},"categories":[38],"tags":[],"class_list":["post-13123","post","type-post","status-publish","format-standard","has-post-thumbnail","","category-nuevo-laredo"],"_links":{"self":[{"href":"https:\/\/www.radiointeractivo.com.mx\/index.php?rest_route=\/wp\/v2\/posts\/13123","targetHints":{"allow":["GET"]}}],"collection":[{"href":"https:\/\/www.radiointeractivo.com.mx\/index.php?rest_route=\/wp\/v2\/posts"}],"about":[{"href":"https:\/\/www.radiointeractivo.com.mx\/index.php?rest_route=\/wp\/v2\/types\/post"}],"author":[{"embeddable":true,"href":"https:\/\/www.radiointeractivo.com.mx\/index.php?rest_route=\/wp\/v2\/users\/1"}],"replies":[{"embeddable":true,"href":"https:\/\/www.radiointeractivo.com.mx\/index.php?rest_route=%2Fwp%2Fv2%2Fcomments&post=13123"}],"version-history":[{"count":1,"href":"https:\/\/www.radiointeractivo.com.mx\/index.php?rest_route=\/wp\/v2\/posts\/13123\/revisions"}],"predecessor-version":[{"id":13126,"href":"https:\/\/www.radiointeractivo.com.mx\/index.php?rest_route=\/wp\/v2\/posts\/13123\/revisions\/13126"}],"wp:featuredmedia":[{"embeddable":true,"href":"https:\/\/www.radiointeractivo.com.mx\/index.php?rest_route=\/wp\/v2\/media\/13125"}],"wp:attachment":[{"href":"https:\/\/www.radiointeractivo.com.mx\/index.php?rest_route=%2Fwp%2Fv2%2Fmedia&parent=13123"}],"wp:term":[{"taxonomy":"category","embeddable":true,"href":"https:\/\/www.radiointeractivo.com.mx\/index.php?rest_route=%2Fwp%2Fv2%2Fcategories&post=13123"},{"taxonomy":"post_tag","embeddable":true,"href":"https:\/\/www.radiointeractivo.com.mx\/index.php?rest_route=%2Fwp%2Fv2%2Ftags&post=13123"}],"curies":[{"name":"wp","href":"https:\/\/api.w.org\/{rel}","templated":true}]}}