{"id":13106,"date":"2025-01-15T18:59:53","date_gmt":"2025-01-16T00:59:53","guid":{"rendered":"https:\/\/www.radiointeractivo.com.mx\/?p=13106"},"modified":"2025-01-15T18:59:54","modified_gmt":"2025-01-16T00:59:54","slug":"diputado-federal-carlos-canturosas-villarreal-asiste-a-la-apertura-del-segundo-periodo-ordinario-de-sesiones-de-la-66-legislatura-del-congreso-de-tamaulipas","status":"publish","type":"post","link":"https:\/\/www.radiointeractivo.com.mx\/?p=13106","title":{"rendered":"Diputado Federal Carlos Canturosas Villarreal asiste a la apertura del segundo periodo ordinario de sesiones de la 66 Legislatura del Congreso de Tamaulipas"},"content":{"rendered":"\n<figure class=\"wp-block-image size-large\"><img loading=\"lazy\" decoding=\"async\" width=\"1024\" height=\"682\" src=\"https:\/\/www.radiointeractivo.com.mx\/wp-content\/uploads\/2025\/01\/WhatsApp-Image-2025-01-15-at-6.45.29-PM-1024x682.jpeg\" alt=\"\" class=\"wp-image-13107\" srcset=\"https:\/\/www.radiointeractivo.com.mx\/wp-content\/uploads\/2025\/01\/WhatsApp-Image-2025-01-15-at-6.45.29-PM-1024x682.jpeg 1024w, https:\/\/www.radiointeractivo.com.mx\/wp-content\/uploads\/2025\/01\/WhatsApp-Image-2025-01-15-at-6.45.29-PM-300x200.jpeg 300w, https:\/\/www.radiointeractivo.com.mx\/wp-content\/uploads\/2025\/01\/WhatsApp-Image-2025-01-15-at-6.45.29-PM-768x512.jpeg 768w, https:\/\/www.radiointeractivo.com.mx\/wp-content\/uploads\/2025\/01\/WhatsApp-Image-2025-01-15-at-6.45.29-PM-310x205.jpeg 310w, https:\/\/www.radiointeractivo.com.mx\/wp-content\/uploads\/2025\/01\/WhatsApp-Image-2025-01-15-at-6.45.29-PM.jpeg 1280w\" sizes=\"auto, (max-width: 1024px) 100vw, 1024px\" \/><\/figure>\n\n\n\n<p>Por: Staff | #NuevoLaredo #Laredo #NLD #Tamaulipas<\/p>\n\n\n\n<p>El Diputado Federal Carlos Canturosas Villarreal asisti\u00f3 a la apertura del segundo periodo ordinario de sesiones del primer a\u00f1o de ejercicio constitucional de la 66 Legislatura del Congreso del Estado Libre y Soberano de Tamaulipas.<\/p>\n\n\n\n<p>El legislador reiter\u00f3 su compromiso de trabajar en unidad con autoridades de los tres niveles de gobierno para construir en M\u00e9xico y en Tamaulipas el segundo piso de la Cuarta Transformaci\u00f3n, encabezado por la presidenta de la Rep\u00fablica, Claudia Sheinbaum Pardo.<\/p>\n\n\n\n<p>&#8220;Felicito a los diputados locales por su compromiso de fortalecer a Tamaulipas a trav\u00e9s de su trabajo legislativo. Tengan la certeza de que cuentan conmigo como un aliado para alcanzar los objetivos que nuestro estado y nuestro pa\u00eds necesitan&#8221;, expres\u00f3 Canturosas Villarreal.<\/p>\n\n\n\n<p>El Diputado Federal reafirm\u00f3 su disposici\u00f3n de colaborar en temas prioritarios para Tamaulipas y seguir impulsando el progreso y la transformaci\u00f3n que beneficien a las y los ciudadanos.<\/p>\n","protected":false},"excerpt":{"rendered":"<p>Por: Staff | #NuevoLaredo #Laredo #NLD #Tamaulipas El Diputado Federal Carlos Canturosas Villarreal asisti\u00f3 a la apertura del segundo periodo ordinario de sesiones del primer a\u00f1o de ejercicio constitucional de la 66 Legislatura del Congreso del Estado Libre y Soberano de Tamaulipas. El legislador reiter\u00f3 su compromiso de trabajar en unidad con autoridades de los &hellip;<\/p>\n","protected":false},"author":1,"featured_media":13107,"comment_status":"open","ping_status":"open","sticky":false,"template":"","format":"standard","meta":{"footnotes":""},"categories":[38],"tags":[],"class_list":["post-13106","post","type-post","status-publish","format-standard","has-post-thumbnail","","category-nuevo-laredo"],"_links":{"self":[{"href":"https:\/\/www.radiointeractivo.com.mx\/index.php?rest_route=\/wp\/v2\/posts\/13106","targetHints":{"allow":["GET"]}}],"collection":[{"href":"https:\/\/www.radiointeractivo.com.mx\/index.php?rest_route=\/wp\/v2\/posts"}],"about":[{"href":"https:\/\/www.radiointeractivo.com.mx\/index.php?rest_route=\/wp\/v2\/types\/post"}],"author":[{"embeddable":true,"href":"https:\/\/www.radiointeractivo.com.mx\/index.php?rest_route=\/wp\/v2\/users\/1"}],"replies":[{"embeddable":true,"href":"https:\/\/www.radiointeractivo.com.mx\/index.php?rest_route=%2Fwp%2Fv2%2Fcomments&post=13106"}],"version-history":[{"count":1,"href":"https:\/\/www.radiointeractivo.com.mx\/index.php?rest_route=\/wp\/v2\/posts\/13106\/revisions"}],"predecessor-version":[{"id":13108,"href":"https:\/\/www.radiointeractivo.com.mx\/index.php?rest_route=\/wp\/v2\/posts\/13106\/revisions\/13108"}],"wp:featuredmedia":[{"embeddable":true,"href":"https:\/\/www.radiointeractivo.com.mx\/index.php?rest_route=\/wp\/v2\/media\/13107"}],"wp:attachment":[{"href":"https:\/\/www.radiointeractivo.com.mx\/index.php?rest_route=%2Fwp%2Fv2%2Fmedia&parent=13106"}],"wp:term":[{"taxonomy":"category","embeddable":true,"href":"https:\/\/www.radiointeractivo.com.mx\/index.php?rest_route=%2Fwp%2Fv2%2Fcategories&post=13106"},{"taxonomy":"post_tag","embeddable":true,"href":"https:\/\/www.radiointeractivo.com.mx\/index.php?rest_route=%2Fwp%2Fv2%2Ftags&post=13106"}],"curies":[{"name":"wp","href":"https:\/\/api.w.org\/{rel}","templated":true}]}}