{"id":13091,"date":"2025-01-15T16:58:42","date_gmt":"2025-01-15T22:58:42","guid":{"rendered":"https:\/\/www.radiointeractivo.com.mx\/?p=13091"},"modified":"2025-01-15T16:58:43","modified_gmt":"2025-01-15T22:58:43","slug":"anuncia-registro-civil-cambios-de-ubicacion-en-oficialias-de-madero-y-diaz-ordaz","status":"publish","type":"post","link":"https:\/\/www.radiointeractivo.com.mx\/?p=13091","title":{"rendered":"Anuncia Registro Civil cambios de ubicaci\u00f3n en oficial\u00edas de Madero y D\u00edaz Ordaz"},"content":{"rendered":"\n<figure class=\"wp-block-image size-large\"><img loading=\"lazy\" decoding=\"async\" width=\"1024\" height=\"1024\" src=\"https:\/\/www.radiointeractivo.com.mx\/wp-content\/uploads\/2025\/01\/WhatsApp-Image-2025-01-15-at-4.46.33-PM-1-1024x1024.jpeg\" alt=\"\" class=\"wp-image-13092\" srcset=\"https:\/\/www.radiointeractivo.com.mx\/wp-content\/uploads\/2025\/01\/WhatsApp-Image-2025-01-15-at-4.46.33-PM-1-1024x1024.jpeg 1024w, https:\/\/www.radiointeractivo.com.mx\/wp-content\/uploads\/2025\/01\/WhatsApp-Image-2025-01-15-at-4.46.33-PM-1-300x300.jpeg 300w, https:\/\/www.radiointeractivo.com.mx\/wp-content\/uploads\/2025\/01\/WhatsApp-Image-2025-01-15-at-4.46.33-PM-1-150x150.jpeg 150w, https:\/\/www.radiointeractivo.com.mx\/wp-content\/uploads\/2025\/01\/WhatsApp-Image-2025-01-15-at-4.46.33-PM-1-768x768.jpeg 768w, https:\/\/www.radiointeractivo.com.mx\/wp-content\/uploads\/2025\/01\/WhatsApp-Image-2025-01-15-at-4.46.33-PM-1.jpeg 1080w\" sizes=\"auto, (max-width: 1024px) 100vw, 1024px\" \/><\/figure>\n\n\n\n<p>Por: Agencias<\/p>\n\n\n\n<p>Ciudad Victoria, Tamaulipas.- El coordinador del Registro Civil en Tamaulipas, Mauro Francisco Sandoval Contreras, dio a conocer que, como parte de un esfuerzo para mejorar las condiciones de los servicios p\u00fablicos y garantizar la seguridad de los ciudadanos, se ha realizado un cambio de direcci\u00f3n en las instalaciones de la Oficial\u00eda Segunda de Registro Civil de Ciudad Madero y la Oficial\u00eda de Registro Civil de D\u00edaz Ordaz.<\/p>\n\n\n\n<p>El funcionario explic\u00f3 que, la nueva ubicaci\u00f3n de la Oficial\u00eda Segunda de Registro Civil en Ciudad Madero, ser\u00e1 en Calle Morelos #201, Colonia Unidad Nacional, en Ciudad Madero. El servicio en esta nueva direcci\u00f3n comenzar\u00e1 a partir del 4 de febrero de 2025.<\/p>\n\n\n\n<p>De igual manera, en la Oficial\u00eda de Registro Civil de D\u00edaz Ordaz, dijo que la nueva direcci\u00f3n ser\u00e1 en Calle Porfirio D\u00edaz #201, Octava Novena, Zona Centro, en D\u00edaz Ordaz.<\/p>\n\n\n\n<p>Este nuevo espacio ha sido acondicionado para proporcionar condiciones \u00f3ptimas para la atenci\u00f3n de los tr\u00e1mites que realizan las y los ciudadanos, asegurando una mejor experiencia para quienes requieren de estos servicios.<\/p>\n\n\n\n<p>Sandoval Contreras aprovech\u00f3 la oportunidad para destacar la labor del gobernador de Tamaulipas, Am\u00e9rico Villarreal Anaya, en la implementaci\u00f3n de medidas para salvaguardar la integridad de las y los ciudadanos que acuden a las instalaciones del Registro Civil para realizar diversos tr\u00e1mites.<\/p>\n\n\n\n<p>&#8220;El Gobierno de Tamaulipas, encabezado por Am\u00e9rico Villarreal Anaya, est\u00e1 comprometido en brindar servicios p\u00fablicos de calidad, seguros y eficientes para la ciudadan\u00eda. Estas acciones son una muestra de su compromiso con el bienestar de los tamaulipecos&#8221;, expres\u00f3.<\/p>\n","protected":false},"excerpt":{"rendered":"<p>Por: Agencias Ciudad Victoria, Tamaulipas.- El coordinador del Registro Civil en Tamaulipas, Mauro Francisco Sandoval Contreras, dio a conocer que, como parte de un esfuerzo para mejorar las condiciones de los servicios p\u00fablicos y garantizar la seguridad de los ciudadanos, se ha realizado un cambio de direcci\u00f3n en las instalaciones de la Oficial\u00eda Segunda de &hellip;<\/p>\n","protected":false},"author":1,"featured_media":13092,"comment_status":"open","ping_status":"open","sticky":false,"template":"","format":"standard","meta":{"footnotes":""},"categories":[39],"tags":[],"class_list":["post-13091","post","type-post","status-publish","format-standard","has-post-thumbnail","","category-tamaulipas"],"_links":{"self":[{"href":"https:\/\/www.radiointeractivo.com.mx\/index.php?rest_route=\/wp\/v2\/posts\/13091","targetHints":{"allow":["GET"]}}],"collection":[{"href":"https:\/\/www.radiointeractivo.com.mx\/index.php?rest_route=\/wp\/v2\/posts"}],"about":[{"href":"https:\/\/www.radiointeractivo.com.mx\/index.php?rest_route=\/wp\/v2\/types\/post"}],"author":[{"embeddable":true,"href":"https:\/\/www.radiointeractivo.com.mx\/index.php?rest_route=\/wp\/v2\/users\/1"}],"replies":[{"embeddable":true,"href":"https:\/\/www.radiointeractivo.com.mx\/index.php?rest_route=%2Fwp%2Fv2%2Fcomments&post=13091"}],"version-history":[{"count":1,"href":"https:\/\/www.radiointeractivo.com.mx\/index.php?rest_route=\/wp\/v2\/posts\/13091\/revisions"}],"predecessor-version":[{"id":13093,"href":"https:\/\/www.radiointeractivo.com.mx\/index.php?rest_route=\/wp\/v2\/posts\/13091\/revisions\/13093"}],"wp:featuredmedia":[{"embeddable":true,"href":"https:\/\/www.radiointeractivo.com.mx\/index.php?rest_route=\/wp\/v2\/media\/13092"}],"wp:attachment":[{"href":"https:\/\/www.radiointeractivo.com.mx\/index.php?rest_route=%2Fwp%2Fv2%2Fmedia&parent=13091"}],"wp:term":[{"taxonomy":"category","embeddable":true,"href":"https:\/\/www.radiointeractivo.com.mx\/index.php?rest_route=%2Fwp%2Fv2%2Fcategories&post=13091"},{"taxonomy":"post_tag","embeddable":true,"href":"https:\/\/www.radiointeractivo.com.mx\/index.php?rest_route=%2Fwp%2Fv2%2Ftags&post=13091"}],"curies":[{"name":"wp","href":"https:\/\/api.w.org\/{rel}","templated":true}]}}