{"id":12961,"date":"2025-01-10T21:11:28","date_gmt":"2025-01-11T03:11:28","guid":{"rendered":"https:\/\/www.radiointeractivo.com.mx\/?p=12961"},"modified":"2025-01-10T21:11:29","modified_gmt":"2025-01-11T03:11:29","slug":"invita-sst-a-vacunarse-contra-las-enfermedades-de-temporada-invernal","status":"publish","type":"post","link":"https:\/\/www.radiointeractivo.com.mx\/?p=12961","title":{"rendered":"Invita SST a vacunarse contra las enfermedades de temporada invernal"},"content":{"rendered":"\n<figure class=\"wp-block-image size-full\"><img loading=\"lazy\" decoding=\"async\" width=\"1025\" height=\"624\" src=\"https:\/\/www.radiointeractivo.com.mx\/wp-content\/uploads\/2025\/01\/WhatsApp-Image-2025-01-10-at-7.13.11-PM-1.jpeg\" alt=\"\" class=\"wp-image-12962\" srcset=\"https:\/\/www.radiointeractivo.com.mx\/wp-content\/uploads\/2025\/01\/WhatsApp-Image-2025-01-10-at-7.13.11-PM-1.jpeg 1025w, https:\/\/www.radiointeractivo.com.mx\/wp-content\/uploads\/2025\/01\/WhatsApp-Image-2025-01-10-at-7.13.11-PM-1-300x183.jpeg 300w, https:\/\/www.radiointeractivo.com.mx\/wp-content\/uploads\/2025\/01\/WhatsApp-Image-2025-01-10-at-7.13.11-PM-1-768x468.jpeg 768w\" sizes=\"auto, (max-width: 1025px) 100vw, 1025px\" \/><\/figure>\n\n\n\n<p>Por: Agencias<\/p>\n\n\n\n<p>Ciudad Victoria, Tamaulipas.-El secretario de salud, Vicente Joel Hern\u00e1ndez Navarro, hizo un llamado a la poblaci\u00f3n para que acudan a los m\u00f3dulos de vacunaci\u00f3n que permanecen instalados en lugares de concentraci\u00f3n poblacional como los centros comerciales y en todas las unidades de salud y se protejan de influenza, COVID-19 y neumococo.<\/p>\n\n\n\n<p>Dijo que en coordinaci\u00f3n con el sector salud y los servicios de salud del IMSS para el Bienestar, por instrucci\u00f3n del gobernador Am\u00e9rico Villarreal Anaya, la campa\u00f1a de vacunaci\u00f3n de temporada invernal permanecer\u00e1 activa hasta el 30 de marzo, y se\u00f1al\u00f3 que todav\u00eda est\u00e1n a tiempo para protegerse de estos padecimientos que suelen incrementarse durante el fr\u00edo.<\/p>\n\n\n\n<p>\u201cTenemos suficientes vacunas y la campa\u00f1a permanecer\u00e1 activa hasta el mes de marzo y hay jurisdicciones sanitarias en donde se est\u00e1n realizando drive thru para que los ni\u00f1os y adultos mayores no se expongan a las bajas temperaturas\u201d, destac\u00f3.<\/p>\n\n\n\n<p>Agreg\u00f3 que todas las personas pueden acceder y tienen derecho a las vacunas, sean o no derechohabiente de las instituciones de salud y se puede acudir a cualquier unidad de medicina familiar, puestos fijos y semifijos, hospitales, kioscos, m\u00f3dulos de vacunaci\u00f3n, plazas p\u00fablicas, entre otros.<\/p>\n\n\n\n<p>En la campa\u00f1a de vacunaci\u00f3n de temporada invernal, se contempla la vacuna contra influenza para toda la poblaci\u00f3n de 6 a 59 meses, adultos de 60 a\u00f1os y m\u00e1s y poblaci\u00f3n de 6 a\u00f1os a 59 a\u00f1os con comorbilidades como obesidad, cardiopat\u00edas, neumopat\u00edas, condiciones de inmunosupresi\u00f3n como VIH y c\u00e1ncer, entre otros, adem\u00e1s de las embrazadas y madres lactantes.<\/p>\n\n\n\n<p>Contra COVID-19 se contempla a toda la poblaci\u00f3n de 5 a\u00f1os en adelante sin dosis previa; personas con al menos una dosis; adultos de 60 a\u00f1os y m\u00e1s y poblaci\u00f3n mayor de 5 a\u00f1os; adem\u00e1s de quien padece comorbilidades; tambi\u00e9n embarazadas y madres lactantes<\/p>\n\n\n\n<p>De igual manera es importante se\u00f1alar que se cuenta con la vacuna de VPH para todo alumnado femenino de quinto grado de primaria o no escolarizado y se tiene a disposici\u00f3n todas las vacunas del esquema b\u00e1sico para las y los menores de 6 a\u00f1os, por lo que pueden acudir a revisar su cartilla y recibir las dosis que le corresponda.<\/p>\n","protected":false},"excerpt":{"rendered":"<p>Por: Agencias Ciudad Victoria, Tamaulipas.-El secretario de salud, Vicente Joel Hern\u00e1ndez Navarro, hizo un llamado a la poblaci\u00f3n para que acudan a los m\u00f3dulos de vacunaci\u00f3n que permanecen instalados en lugares de concentraci\u00f3n poblacional como los centros comerciales y en todas las unidades de salud y se protejan de influenza, COVID-19 y neumococo. Dijo que &hellip;<\/p>\n","protected":false},"author":1,"featured_media":12962,"comment_status":"open","ping_status":"open","sticky":false,"template":"","format":"standard","meta":{"footnotes":""},"categories":[39],"tags":[],"class_list":["post-12961","post","type-post","status-publish","format-standard","has-post-thumbnail","","category-tamaulipas"],"_links":{"self":[{"href":"https:\/\/www.radiointeractivo.com.mx\/index.php?rest_route=\/wp\/v2\/posts\/12961","targetHints":{"allow":["GET"]}}],"collection":[{"href":"https:\/\/www.radiointeractivo.com.mx\/index.php?rest_route=\/wp\/v2\/posts"}],"about":[{"href":"https:\/\/www.radiointeractivo.com.mx\/index.php?rest_route=\/wp\/v2\/types\/post"}],"author":[{"embeddable":true,"href":"https:\/\/www.radiointeractivo.com.mx\/index.php?rest_route=\/wp\/v2\/users\/1"}],"replies":[{"embeddable":true,"href":"https:\/\/www.radiointeractivo.com.mx\/index.php?rest_route=%2Fwp%2Fv2%2Fcomments&post=12961"}],"version-history":[{"count":1,"href":"https:\/\/www.radiointeractivo.com.mx\/index.php?rest_route=\/wp\/v2\/posts\/12961\/revisions"}],"predecessor-version":[{"id":12963,"href":"https:\/\/www.radiointeractivo.com.mx\/index.php?rest_route=\/wp\/v2\/posts\/12961\/revisions\/12963"}],"wp:featuredmedia":[{"embeddable":true,"href":"https:\/\/www.radiointeractivo.com.mx\/index.php?rest_route=\/wp\/v2\/media\/12962"}],"wp:attachment":[{"href":"https:\/\/www.radiointeractivo.com.mx\/index.php?rest_route=%2Fwp%2Fv2%2Fmedia&parent=12961"}],"wp:term":[{"taxonomy":"category","embeddable":true,"href":"https:\/\/www.radiointeractivo.com.mx\/index.php?rest_route=%2Fwp%2Fv2%2Fcategories&post=12961"},{"taxonomy":"post_tag","embeddable":true,"href":"https:\/\/www.radiointeractivo.com.mx\/index.php?rest_route=%2Fwp%2Fv2%2Ftags&post=12961"}],"curies":[{"name":"wp","href":"https:\/\/api.w.org\/{rel}","templated":true}]}}