{"id":12951,"date":"2025-01-10T20:57:28","date_gmt":"2025-01-11T02:57:28","guid":{"rendered":"https:\/\/www.radiointeractivo.com.mx\/?p=12951"},"modified":"2025-01-10T20:57:29","modified_gmt":"2025-01-11T02:57:29","slug":"fortalece-americo-infraestructura-educativa-en-escuelas-de-nivel-superior","status":"publish","type":"post","link":"https:\/\/www.radiointeractivo.com.mx\/?p=12951","title":{"rendered":"Fortalece Am\u00e9rico infraestructura educativa en escuelas de nivel superior"},"content":{"rendered":"\n<figure class=\"wp-block-image size-large\"><img loading=\"lazy\" decoding=\"async\" width=\"1024\" height=\"771\" src=\"https:\/\/www.radiointeractivo.com.mx\/wp-content\/uploads\/2025\/01\/WhatsApp-Image-2025-01-10-at-10.47.03-AM-1024x771.jpeg\" alt=\"\" class=\"wp-image-12952\" srcset=\"https:\/\/www.radiointeractivo.com.mx\/wp-content\/uploads\/2025\/01\/WhatsApp-Image-2025-01-10-at-10.47.03-AM-1024x771.jpeg 1024w, https:\/\/www.radiointeractivo.com.mx\/wp-content\/uploads\/2025\/01\/WhatsApp-Image-2025-01-10-at-10.47.03-AM-300x226.jpeg 300w, https:\/\/www.radiointeractivo.com.mx\/wp-content\/uploads\/2025\/01\/WhatsApp-Image-2025-01-10-at-10.47.03-AM-768x578.jpeg 768w, https:\/\/www.radiointeractivo.com.mx\/wp-content\/uploads\/2025\/01\/WhatsApp-Image-2025-01-10-at-10.47.03-AM-1536x1157.jpeg 1536w, https:\/\/www.radiointeractivo.com.mx\/wp-content\/uploads\/2025\/01\/WhatsApp-Image-2025-01-10-at-10.47.03-AM.jpeg 1540w\" sizes=\"auto, (max-width: 1024px) 100vw, 1024px\" \/><\/figure>\n\n\n\n<p>Por: Agencias<\/p>\n\n\n\n<p>Ciudad Victoria, Tamaulipas. &#8211; Con el objetivo de garantizar el desarrollo integral de las y los estudiantes de Tamaulipas, el gobierno de Am\u00e9rico Villarreal Anaya a trav\u00e9s de la Secretar\u00eda de Obras P\u00fablicas (SOP), construye en la capital del estado, gimnasios en el Instituto Tecnol\u00f3gico y la Escuela Normal Federal de Educadoras \u201cEstefan\u00eda Casta\u00f1eda\u201d de Ciudad Victoria.<\/p>\n\n\n\n<p>Pedro Cepeda Anaya, titular de la SOP, indic\u00f3 que se ha destinado una inversi\u00f3n de m\u00e1s de 73 millones de pesos entre las dos obras, las cuales se iniciaron a finales del 2024.<\/p>\n\n\n\n<p>Apunt\u00f3 que los trabajos en la Normal de Educadoras, se llevan a cabo en un \u00e1rea superior a los 800 metros cuadrados levantando los muros para posteriormente construir gradas, rehabilitar sanitarios, vestuarios e instalar el sistema el\u00e9ctrico y de aire acondicionado, mientras que en el Tecnol\u00f3gico de Victoria, se construye un gimnasio deportivo y de usos m\u00faltiples que contar\u00e1 con cancha profesional de baloncesto, gradas con una capacidad para mil 200 personas, vestidores, cafeter\u00eda, sanitarios, \u00e1rea de acondicionamiento f\u00edsico y de palcos.<\/p>\n\n\n\n<p>Cabe destacar que el edificio de la Normal de Educadoras de esta capital fue inaugurado en el a\u00f1o 1993 por el gobernador Am\u00e9rico Villarreal Guerra y ahora, a 31 a\u00f1os de la construcci\u00f3n de este plantel escolar, la actual administraci\u00f3n estatal construye funcional y moderno gimnasio al igual que en el Instituto Tecnol\u00f3gico que a 50 a\u00f1os de su fundaci\u00f3n, por primera ocasi\u00f3n tendr\u00e1 un inmueble para beneficio de las y los alumnos de estas escuelas de nivel superior.<\/p>\n","protected":false},"excerpt":{"rendered":"<p>Por: Agencias Ciudad Victoria, Tamaulipas. &#8211; Con el objetivo de garantizar el desarrollo integral de las y los estudiantes de Tamaulipas, el gobierno de Am\u00e9rico Villarreal Anaya a trav\u00e9s de la Secretar\u00eda de Obras P\u00fablicas (SOP), construye en la capital del estado, gimnasios en el Instituto Tecnol\u00f3gico y la Escuela Normal Federal de Educadoras \u201cEstefan\u00eda &hellip;<\/p>\n","protected":false},"author":1,"featured_media":12949,"comment_status":"open","ping_status":"open","sticky":false,"template":"","format":"standard","meta":{"footnotes":""},"categories":[39],"tags":[],"class_list":["post-12951","post","type-post","status-publish","format-standard","has-post-thumbnail","","category-tamaulipas"],"_links":{"self":[{"href":"https:\/\/www.radiointeractivo.com.mx\/index.php?rest_route=\/wp\/v2\/posts\/12951","targetHints":{"allow":["GET"]}}],"collection":[{"href":"https:\/\/www.radiointeractivo.com.mx\/index.php?rest_route=\/wp\/v2\/posts"}],"about":[{"href":"https:\/\/www.radiointeractivo.com.mx\/index.php?rest_route=\/wp\/v2\/types\/post"}],"author":[{"embeddable":true,"href":"https:\/\/www.radiointeractivo.com.mx\/index.php?rest_route=\/wp\/v2\/users\/1"}],"replies":[{"embeddable":true,"href":"https:\/\/www.radiointeractivo.com.mx\/index.php?rest_route=%2Fwp%2Fv2%2Fcomments&post=12951"}],"version-history":[{"count":1,"href":"https:\/\/www.radiointeractivo.com.mx\/index.php?rest_route=\/wp\/v2\/posts\/12951\/revisions"}],"predecessor-version":[{"id":12953,"href":"https:\/\/www.radiointeractivo.com.mx\/index.php?rest_route=\/wp\/v2\/posts\/12951\/revisions\/12953"}],"wp:featuredmedia":[{"embeddable":true,"href":"https:\/\/www.radiointeractivo.com.mx\/index.php?rest_route=\/wp\/v2\/media\/12949"}],"wp:attachment":[{"href":"https:\/\/www.radiointeractivo.com.mx\/index.php?rest_route=%2Fwp%2Fv2%2Fmedia&parent=12951"}],"wp:term":[{"taxonomy":"category","embeddable":true,"href":"https:\/\/www.radiointeractivo.com.mx\/index.php?rest_route=%2Fwp%2Fv2%2Fcategories&post=12951"},{"taxonomy":"post_tag","embeddable":true,"href":"https:\/\/www.radiointeractivo.com.mx\/index.php?rest_route=%2Fwp%2Fv2%2Ftags&post=12951"}],"curies":[{"name":"wp","href":"https:\/\/api.w.org\/{rel}","templated":true}]}}