{"id":12920,"date":"2025-01-09T18:05:34","date_gmt":"2025-01-10T00:05:34","guid":{"rendered":"https:\/\/www.radiointeractivo.com.mx\/?p=12920"},"modified":"2025-01-09T18:05:35","modified_gmt":"2025-01-10T00:05:35","slug":"atiende-proteccion-civil-tamaulipas-a-personas-vulnerables-ante-bajas-temperaturas","status":"publish","type":"post","link":"https:\/\/www.radiointeractivo.com.mx\/?p=12920","title":{"rendered":"Atiende Protecci\u00f3n Civil Tamaulipas a personas vulnerables ante bajas temperaturas"},"content":{"rendered":"\n<figure class=\"wp-block-image size-large\"><img loading=\"lazy\" decoding=\"async\" width=\"1024\" height=\"768\" src=\"https:\/\/www.radiointeractivo.com.mx\/wp-content\/uploads\/2025\/01\/WhatsApp-Image-2025-01-09-at-2.57.41-PM-1024x768.jpeg\" alt=\"\" class=\"wp-image-12921\" srcset=\"https:\/\/www.radiointeractivo.com.mx\/wp-content\/uploads\/2025\/01\/WhatsApp-Image-2025-01-09-at-2.57.41-PM-1024x768.jpeg 1024w, https:\/\/www.radiointeractivo.com.mx\/wp-content\/uploads\/2025\/01\/WhatsApp-Image-2025-01-09-at-2.57.41-PM-300x225.jpeg 300w, https:\/\/www.radiointeractivo.com.mx\/wp-content\/uploads\/2025\/01\/WhatsApp-Image-2025-01-09-at-2.57.41-PM-768x576.jpeg 768w, https:\/\/www.radiointeractivo.com.mx\/wp-content\/uploads\/2025\/01\/WhatsApp-Image-2025-01-09-at-2.57.41-PM.jpeg 1280w\" sizes=\"auto, (max-width: 1024px) 100vw, 1024px\" \/><\/figure>\n\n\n\n<p>-Con recorridos por diversas zonas de la ciudad capital, en operativo conjunto brindan cobijo, bebidas calientes, alimentos y traslados a ciudadanos en condici\u00f3n de calle<\/p>\n\n\n\n<p>Por: Agencias<\/p>\n\n\n\n<p>Ciudad Victoria, Tamaulipas. \u2013 Con el objetivo de proteger a la ciudadan\u00eda ante las bajas temperaturas y lluvias registradas menores a los 7 grados cent\u00edgrados, provocadas por el frente fr\u00edo n\u00famero 21, durante la noche de este mi\u00e9rcoles, la Coordinaci\u00f3n Estatal de Protecci\u00f3n Civil realiz\u00f3 un operativo conjunto en la capital del estado.<\/p>\n\n\n\n<p>El titular de la dependencia, Luis Gerardo Gonz\u00e1lez de la Fuente, inform\u00f3 que entre las acciones, dispuso de una ambulancia de urgencias b\u00e1sicas y veh\u00edculos de atenci\u00f3n r\u00e1pida cargados con cobijas, bebidas calientes y alimentos quienes iniciaron un recorrido desde la base de Protecci\u00f3n Civil del Estado, en busca de familias o personas que pudieran estar vulnerables a los efectos de la actual temporada invernal que impacta en la mayor\u00eda de los municipios de Tamaulipas.<\/p>\n\n\n\n<p>Durante el recorrido se visitaron diferentes puntos de la ciudad como son la Central de Autobuses, Mercado Arg\u00fcelles, Central de Abastos, Estaci\u00f3n del Ferrocarril y sectores de la zona centro, desde donde se trasladaron a tres personas en situaci\u00f3n de calle y que se encontraban expuestos al fr\u00edo y a la llovizna que se registr\u00f3.<\/p>\n\n\n\n<p>Las tres personas adultas fueron llevadas al refugio temporal ubicado en el CEDIF 1 y que fue habilitado por el municipio de esta ciudad capital, refiri\u00f3 Gonz\u00e1lez de la Fuente.<\/p>\n\n\n\n<p>El coordinador Estatal de Protecci\u00f3n Civil sigue exhortando a la ciudadan\u00eda a protegerse de las inclemencias del tiempo, tomando las medidas precautorias necesarias para evitar accidentes o afectaciones en la salud, as\u00ed mismo no prender fogatas con carb\u00f3n o le\u00f1a al interior de las casas y revisar los aparatos el\u00e9ctricos y calentadores que pudieran presentar fallas y ocasionar intoxicaciones, cortos e incendios y p\u00e9rdidas humanas y materiales; ante cualquier incidente, se les pide reportar a los tel\u00e9fonos de emergencia 911 as\u00ed como si observan a personas vulnerables o expuestas al fr\u00edo y la lluvia.<\/p>\n","protected":false},"excerpt":{"rendered":"<p>-Con recorridos por diversas zonas de la ciudad capital, en operativo conjunto brindan cobijo, bebidas calientes, alimentos y traslados a ciudadanos en condici\u00f3n de calle Por: Agencias Ciudad Victoria, Tamaulipas. \u2013 Con el objetivo de proteger a la ciudadan\u00eda ante las bajas temperaturas y lluvias registradas menores a los 7 grados cent\u00edgrados, provocadas por el &hellip;<\/p>\n","protected":false},"author":1,"featured_media":12921,"comment_status":"open","ping_status":"open","sticky":false,"template":"","format":"standard","meta":{"footnotes":""},"categories":[39],"tags":[],"class_list":["post-12920","post","type-post","status-publish","format-standard","has-post-thumbnail","","category-tamaulipas"],"_links":{"self":[{"href":"https:\/\/www.radiointeractivo.com.mx\/index.php?rest_route=\/wp\/v2\/posts\/12920","targetHints":{"allow":["GET"]}}],"collection":[{"href":"https:\/\/www.radiointeractivo.com.mx\/index.php?rest_route=\/wp\/v2\/posts"}],"about":[{"href":"https:\/\/www.radiointeractivo.com.mx\/index.php?rest_route=\/wp\/v2\/types\/post"}],"author":[{"embeddable":true,"href":"https:\/\/www.radiointeractivo.com.mx\/index.php?rest_route=\/wp\/v2\/users\/1"}],"replies":[{"embeddable":true,"href":"https:\/\/www.radiointeractivo.com.mx\/index.php?rest_route=%2Fwp%2Fv2%2Fcomments&post=12920"}],"version-history":[{"count":1,"href":"https:\/\/www.radiointeractivo.com.mx\/index.php?rest_route=\/wp\/v2\/posts\/12920\/revisions"}],"predecessor-version":[{"id":12922,"href":"https:\/\/www.radiointeractivo.com.mx\/index.php?rest_route=\/wp\/v2\/posts\/12920\/revisions\/12922"}],"wp:featuredmedia":[{"embeddable":true,"href":"https:\/\/www.radiointeractivo.com.mx\/index.php?rest_route=\/wp\/v2\/media\/12921"}],"wp:attachment":[{"href":"https:\/\/www.radiointeractivo.com.mx\/index.php?rest_route=%2Fwp%2Fv2%2Fmedia&parent=12920"}],"wp:term":[{"taxonomy":"category","embeddable":true,"href":"https:\/\/www.radiointeractivo.com.mx\/index.php?rest_route=%2Fwp%2Fv2%2Fcategories&post=12920"},{"taxonomy":"post_tag","embeddable":true,"href":"https:\/\/www.radiointeractivo.com.mx\/index.php?rest_route=%2Fwp%2Fv2%2Ftags&post=12920"}],"curies":[{"name":"wp","href":"https:\/\/api.w.org\/{rel}","templated":true}]}}