{"id":12890,"date":"2025-01-08T17:30:51","date_gmt":"2025-01-08T23:30:51","guid":{"rendered":"https:\/\/www.radiointeractivo.com.mx\/?p=12890"},"modified":"2025-01-08T17:30:53","modified_gmt":"2025-01-08T23:30:53","slug":"guardia-estatal-brinda-apoyo-ciudadano-ante-bajas-temperaturas","status":"publish","type":"post","link":"https:\/\/www.radiointeractivo.com.mx\/?p=12890","title":{"rendered":"Guardia Estatal brinda apoyo ciudadano ante bajas temperaturas"},"content":{"rendered":"\n<figure class=\"wp-block-image size-large\"><img loading=\"lazy\" decoding=\"async\" width=\"1024\" height=\"768\" src=\"https:\/\/www.radiointeractivo.com.mx\/wp-content\/uploads\/2025\/01\/WhatsApp-Image-2025-01-08-at-11.36.45-AM-1024x768.jpeg\" alt=\"\" class=\"wp-image-12891\" srcset=\"https:\/\/www.radiointeractivo.com.mx\/wp-content\/uploads\/2025\/01\/WhatsApp-Image-2025-01-08-at-11.36.45-AM-1024x768.jpeg 1024w, https:\/\/www.radiointeractivo.com.mx\/wp-content\/uploads\/2025\/01\/WhatsApp-Image-2025-01-08-at-11.36.45-AM-300x225.jpeg 300w, https:\/\/www.radiointeractivo.com.mx\/wp-content\/uploads\/2025\/01\/WhatsApp-Image-2025-01-08-at-11.36.45-AM-768x576.jpeg 768w, https:\/\/www.radiointeractivo.com.mx\/wp-content\/uploads\/2025\/01\/WhatsApp-Image-2025-01-08-at-11.36.45-AM.jpeg 1156w\" sizes=\"auto, (max-width: 1024px) 100vw, 1024px\" \/><\/figure>\n\n\n\n<p>Por: Agencias<\/p>\n\n\n\n<p>Llera, Tamaulipas.- Resultado de un trabajo coordinado con Protecci\u00f3n Civil, personal de la Guardia Estatal en el municipio de Llera resguard\u00f3 la integridad de una persona en situaci\u00f3n de calle al trasladarla a un albergue habilitado en Ciudad Victoria.<\/p>\n\n\n\n<p>La persona fue localizada en el ejido La Angostura del municipio de Llera y trasladada en una ambulancia hacia un lugar seguro.<\/p>\n\n\n\n<p>Esta acci\u00f3n se realiz\u00f3 con estricto apego al respeto de los Derechos Humanos del ciudadano, priorizando el humanismo en el actuar policial.<\/p>\n\n\n\n<p>Ante estas bajas temperaturas, la Secretar\u00eda de Seguridad P\u00fablica de Tamaulipas (SSPT) exhorta a la ciudadan\u00eda en condici\u00f3n de vulnerabilidad a resguardarse en los albergues oficiales m\u00e1s cercanos a fin de preservar su salud e integridad.<\/p>\n","protected":false},"excerpt":{"rendered":"<p>Por: Agencias Llera, Tamaulipas.- Resultado de un trabajo coordinado con Protecci\u00f3n Civil, personal de la Guardia Estatal en el municipio de Llera resguard\u00f3 la integridad de una persona en situaci\u00f3n de calle al trasladarla a un albergue habilitado en Ciudad Victoria. La persona fue localizada en el ejido La Angostura del municipio de Llera y &hellip;<\/p>\n","protected":false},"author":1,"featured_media":12892,"comment_status":"open","ping_status":"open","sticky":false,"template":"","format":"standard","meta":{"footnotes":""},"categories":[41,39],"tags":[],"class_list":["post-12890","post","type-post","status-publish","format-standard","has-post-thumbnail","","category-seguridad","category-tamaulipas"],"_links":{"self":[{"href":"https:\/\/www.radiointeractivo.com.mx\/index.php?rest_route=\/wp\/v2\/posts\/12890","targetHints":{"allow":["GET"]}}],"collection":[{"href":"https:\/\/www.radiointeractivo.com.mx\/index.php?rest_route=\/wp\/v2\/posts"}],"about":[{"href":"https:\/\/www.radiointeractivo.com.mx\/index.php?rest_route=\/wp\/v2\/types\/post"}],"author":[{"embeddable":true,"href":"https:\/\/www.radiointeractivo.com.mx\/index.php?rest_route=\/wp\/v2\/users\/1"}],"replies":[{"embeddable":true,"href":"https:\/\/www.radiointeractivo.com.mx\/index.php?rest_route=%2Fwp%2Fv2%2Fcomments&post=12890"}],"version-history":[{"count":1,"href":"https:\/\/www.radiointeractivo.com.mx\/index.php?rest_route=\/wp\/v2\/posts\/12890\/revisions"}],"predecessor-version":[{"id":12893,"href":"https:\/\/www.radiointeractivo.com.mx\/index.php?rest_route=\/wp\/v2\/posts\/12890\/revisions\/12893"}],"wp:featuredmedia":[{"embeddable":true,"href":"https:\/\/www.radiointeractivo.com.mx\/index.php?rest_route=\/wp\/v2\/media\/12892"}],"wp:attachment":[{"href":"https:\/\/www.radiointeractivo.com.mx\/index.php?rest_route=%2Fwp%2Fv2%2Fmedia&parent=12890"}],"wp:term":[{"taxonomy":"category","embeddable":true,"href":"https:\/\/www.radiointeractivo.com.mx\/index.php?rest_route=%2Fwp%2Fv2%2Fcategories&post=12890"},{"taxonomy":"post_tag","embeddable":true,"href":"https:\/\/www.radiointeractivo.com.mx\/index.php?rest_route=%2Fwp%2Fv2%2Ftags&post=12890"}],"curies":[{"name":"wp","href":"https:\/\/api.w.org\/{rel}","templated":true}]}}