{"id":12880,"date":"2025-01-08T15:49:08","date_gmt":"2025-01-08T21:49:08","guid":{"rendered":"https:\/\/www.radiointeractivo.com.mx\/?p=12880"},"modified":"2025-01-08T15:49:10","modified_gmt":"2025-01-08T21:49:10","slug":"aperturan-nueva-oficina-fiscal-en-la-zona-norte-de-tampico-adriana-lozano","status":"publish","type":"post","link":"https:\/\/www.radiointeractivo.com.mx\/?p=12880","title":{"rendered":"Aperturan nueva Oficina Fiscal en la zona norte de Tampico: Adriana Lozano"},"content":{"rendered":"\n<figure class=\"wp-block-image size-large\"><img loading=\"lazy\" decoding=\"async\" width=\"1024\" height=\"721\" src=\"https:\/\/www.radiointeractivo.com.mx\/wp-content\/uploads\/2025\/01\/WhatsApp-Image-2025-01-08-at-3.11.08-PM-1024x721.jpeg\" alt=\"\" class=\"wp-image-12881\" srcset=\"https:\/\/www.radiointeractivo.com.mx\/wp-content\/uploads\/2025\/01\/WhatsApp-Image-2025-01-08-at-3.11.08-PM-1024x721.jpeg 1024w, https:\/\/www.radiointeractivo.com.mx\/wp-content\/uploads\/2025\/01\/WhatsApp-Image-2025-01-08-at-3.11.08-PM-300x211.jpeg 300w, https:\/\/www.radiointeractivo.com.mx\/wp-content\/uploads\/2025\/01\/WhatsApp-Image-2025-01-08-at-3.11.08-PM-768x541.jpeg 768w, https:\/\/www.radiointeractivo.com.mx\/wp-content\/uploads\/2025\/01\/WhatsApp-Image-2025-01-08-at-3.11.08-PM.jpeg 1040w\" sizes=\"auto, (max-width: 1024px) 100vw, 1024px\" \/><\/figure>\n\n\n\n<p>Por: Agencias<\/p>\n\n\n\n<p>Tampico, Tamaulipas.- La secretaria de Finanzas del Gobierno de Tamaulipas, Adriana Lozano Rodr\u00edguez, inaugur\u00f3 en Tampico un m\u00f3dulo adicional de atenci\u00f3n perteneciente a la Oficina Fiscal de este municipio, localizado en la zona norte del municipio.<\/p>\n\n\n\n<p>Durante este evento, mencion\u00f3 que gracias a la instrucci\u00f3n del gobernador Am\u00e9rico Villarreal Anaya se logra esta acci\u00f3n en beneficio de las y los habitantes de Tampico; con ello se disminuir\u00e1n los tiempos en la realizaci\u00f3n de tr\u00e1mites al contar ahora con dos Oficinas Fiscales en la ciudad.<\/p>\n\n\n\n<p>Asimismo, agradeci\u00f3 a M\u00f3nica Zacil Villarreal Anaya, alcaldesa de Tampico, por las facilidades prestadas para efectuar dicho acto, pues dijo: &#8220;Ha mostrado un gran inter\u00e9s por aperturar este m\u00f3dulo en la zona norte de Tampico, en donde podr\u00e1n realizarse tr\u00e1mites de licencias de conducir, pago de placas, engomados y tarjetas de circulaci\u00f3n&#8221;.<\/p>\n\n\n\n<p>Esta nueva oficina de atenci\u00f3n est\u00e1 ubicada en la calle Josefa Ort\u00edz de Dom\u00ednguez 201, entre las Avenidas 2 y 3, en la Colonia Laguna de la Puerta, y atender\u00e1 de lunes a viernes en un horario de 8:00 a.m. a 2:30 p.m.<\/p>\n\n\n\n<p>Por \u00faltimo, inform\u00f3 la tesorera estatal que la Oficina Fiscal de Tampico ubicada en la zona centro de la ciudad seguir\u00e1 atendiendo de manera normal a las y los contribuyentes de este puerto.<\/p>\n","protected":false},"excerpt":{"rendered":"<p>Por: Agencias Tampico, Tamaulipas.- La secretaria de Finanzas del Gobierno de Tamaulipas, Adriana Lozano Rodr\u00edguez, inaugur\u00f3 en Tampico un m\u00f3dulo adicional de atenci\u00f3n perteneciente a la Oficina Fiscal de este municipio, localizado en la zona norte del municipio. Durante este evento, mencion\u00f3 que gracias a la instrucci\u00f3n del gobernador Am\u00e9rico Villarreal Anaya se logra esta &hellip;<\/p>\n","protected":false},"author":1,"featured_media":12881,"comment_status":"open","ping_status":"open","sticky":false,"template":"","format":"standard","meta":{"footnotes":""},"categories":[39],"tags":[],"class_list":["post-12880","post","type-post","status-publish","format-standard","has-post-thumbnail","","category-tamaulipas"],"_links":{"self":[{"href":"https:\/\/www.radiointeractivo.com.mx\/index.php?rest_route=\/wp\/v2\/posts\/12880","targetHints":{"allow":["GET"]}}],"collection":[{"href":"https:\/\/www.radiointeractivo.com.mx\/index.php?rest_route=\/wp\/v2\/posts"}],"about":[{"href":"https:\/\/www.radiointeractivo.com.mx\/index.php?rest_route=\/wp\/v2\/types\/post"}],"author":[{"embeddable":true,"href":"https:\/\/www.radiointeractivo.com.mx\/index.php?rest_route=\/wp\/v2\/users\/1"}],"replies":[{"embeddable":true,"href":"https:\/\/www.radiointeractivo.com.mx\/index.php?rest_route=%2Fwp%2Fv2%2Fcomments&post=12880"}],"version-history":[{"count":1,"href":"https:\/\/www.radiointeractivo.com.mx\/index.php?rest_route=\/wp\/v2\/posts\/12880\/revisions"}],"predecessor-version":[{"id":12882,"href":"https:\/\/www.radiointeractivo.com.mx\/index.php?rest_route=\/wp\/v2\/posts\/12880\/revisions\/12882"}],"wp:featuredmedia":[{"embeddable":true,"href":"https:\/\/www.radiointeractivo.com.mx\/index.php?rest_route=\/wp\/v2\/media\/12881"}],"wp:attachment":[{"href":"https:\/\/www.radiointeractivo.com.mx\/index.php?rest_route=%2Fwp%2Fv2%2Fmedia&parent=12880"}],"wp:term":[{"taxonomy":"category","embeddable":true,"href":"https:\/\/www.radiointeractivo.com.mx\/index.php?rest_route=%2Fwp%2Fv2%2Fcategories&post=12880"},{"taxonomy":"post_tag","embeddable":true,"href":"https:\/\/www.radiointeractivo.com.mx\/index.php?rest_route=%2Fwp%2Fv2%2Ftags&post=12880"}],"curies":[{"name":"wp","href":"https:\/\/api.w.org\/{rel}","templated":true}]}}