{"id":12877,"date":"2025-01-08T15:29:19","date_gmt":"2025-01-08T21:29:19","guid":{"rendered":"https:\/\/www.radiointeractivo.com.mx\/?p=12877"},"modified":"2025-01-08T15:29:20","modified_gmt":"2025-01-08T21:29:20","slug":"trasladan-a-garita-una-loba-con-la-mejor-genetica-a-la-ciudad-de-mexico","status":"publish","type":"post","link":"https:\/\/www.radiointeractivo.com.mx\/?p=12877","title":{"rendered":"Trasladan a Garita, una loba con la mejor gen\u00e9tica, a la Ciudad de M\u00e9xico"},"content":{"rendered":"\n<figure class=\"wp-block-image size-large\"><img loading=\"lazy\" decoding=\"async\" width=\"1024\" height=\"682\" src=\"https:\/\/www.radiointeractivo.com.mx\/wp-content\/uploads\/2025\/01\/WhatsApp-Image-2025-01-08-at-2.43.18-PM-1024x682.jpeg\" alt=\"\" class=\"wp-image-12878\" srcset=\"https:\/\/www.radiointeractivo.com.mx\/wp-content\/uploads\/2025\/01\/WhatsApp-Image-2025-01-08-at-2.43.18-PM-1024x682.jpeg 1024w, https:\/\/www.radiointeractivo.com.mx\/wp-content\/uploads\/2025\/01\/WhatsApp-Image-2025-01-08-at-2.43.18-PM-300x200.jpeg 300w, https:\/\/www.radiointeractivo.com.mx\/wp-content\/uploads\/2025\/01\/WhatsApp-Image-2025-01-08-at-2.43.18-PM-768x512.jpeg 768w, https:\/\/www.radiointeractivo.com.mx\/wp-content\/uploads\/2025\/01\/WhatsApp-Image-2025-01-08-at-2.43.18-PM-1536x1023.jpeg 1536w, https:\/\/www.radiointeractivo.com.mx\/wp-content\/uploads\/2025\/01\/WhatsApp-Image-2025-01-08-at-2.43.18-PM-310x205.jpeg 310w, https:\/\/www.radiointeractivo.com.mx\/wp-content\/uploads\/2025\/01\/WhatsApp-Image-2025-01-08-at-2.43.18-PM.jpeg 1600w\" sizes=\"auto, (max-width: 1024px) 100vw, 1024px\" \/><\/figure>\n\n\n\n<p>-Por su alto valor gen\u00e9tico, es una de las mejores opciones en el plan de recuperaci\u00f3n del lobo mexicano<\/p>\n\n\n\n<p>Por: Agencias<\/p>\n\n\n\n<p>Ciudad Victoria, Tamaulipas.- Garita, la loba gris mexicana nacida en el Zool\u00f3gico Tamat\u00e1n de Ciudad Victoria y considerada con la mejor gen\u00e9tica del pa\u00eds en su especie, fue trasladada a la Ciudad de M\u00e9xico como parte de los esfuerzos de conservaci\u00f3n del lobo mexicano.<\/p>\n\n\n\n<p>Eduardo Rocha Orozco, vocal ejecutivo de la Comisi\u00f3n de Parques y Biodiversidad de Tamaulipas (CPBT), explic\u00f3 que este traslado se enmarca dentro de las estrategias implementadas por especialistas, centros de conservaci\u00f3n, zool\u00f3gicos e instituciones para preservar esta emblem\u00e1tica especie.<\/p>\n\n\n\n<p>&#8220;Por su alto valor gen\u00e9tico, es una de las mejores opciones en el plan de recuperaci\u00f3n del lobo gris mexicano&#8221;, se\u00f1al\u00f3 Rocha Orozco. En el Zool\u00f3gico Tamat\u00e1n permanecer\u00e1n dos hembras provenientes del Museo del Desierto de Saltillo, Coahuila, y una m\u00e1s de la Reserva de la Bi\u00f3sfera La Michil\u00eda, en Durango.<\/p>\n\n\n\n<p>El funcionario explic\u00f3 que, mediante la investigaci\u00f3n gen\u00e9tica, los especialistas buscan mejorar la calidad gen\u00e9tica de la especie y aumentar el n\u00famero de ejemplares. Esto es crucial, ya que la tasa de supervivencia de los lobos al nacer suele ser baja debido a problemas relacionados con su gen\u00e9tica y otros factores.<\/p>\n\n\n\n<p>El lobo mexicano (Canis lupus baileyi) es una subespecie del lobo gris que habita en M\u00e9xico y el suroeste de los Estados Unidos. Este animal ic\u00f3nico ha inspirado leyendas y mitos en la cultura mexicana.<\/p>\n\n\n\n<p>Desde 1970, se han realizado esfuerzos conjuntos para proteger esta especie. En 1976 fue incluida en la lista de especies en peligro de extinci\u00f3n en Estados Unidos, y en 1987 se estableci\u00f3 un programa binacional de recuperaci\u00f3n entre M\u00e9xico y Estados Unidos.<\/p>\n","protected":false},"excerpt":{"rendered":"<p>-Por su alto valor gen\u00e9tico, es una de las mejores opciones en el plan de recuperaci\u00f3n del lobo mexicano Por: Agencias Ciudad Victoria, Tamaulipas.- Garita, la loba gris mexicana nacida en el Zool\u00f3gico Tamat\u00e1n de Ciudad Victoria y considerada con la mejor gen\u00e9tica del pa\u00eds en su especie, fue trasladada a la Ciudad de M\u00e9xico &hellip;<\/p>\n","protected":false},"author":1,"featured_media":12878,"comment_status":"open","ping_status":"open","sticky":false,"template":"","format":"standard","meta":{"footnotes":""},"categories":[39],"tags":[],"class_list":["post-12877","post","type-post","status-publish","format-standard","has-post-thumbnail","","category-tamaulipas"],"_links":{"self":[{"href":"https:\/\/www.radiointeractivo.com.mx\/index.php?rest_route=\/wp\/v2\/posts\/12877","targetHints":{"allow":["GET"]}}],"collection":[{"href":"https:\/\/www.radiointeractivo.com.mx\/index.php?rest_route=\/wp\/v2\/posts"}],"about":[{"href":"https:\/\/www.radiointeractivo.com.mx\/index.php?rest_route=\/wp\/v2\/types\/post"}],"author":[{"embeddable":true,"href":"https:\/\/www.radiointeractivo.com.mx\/index.php?rest_route=\/wp\/v2\/users\/1"}],"replies":[{"embeddable":true,"href":"https:\/\/www.radiointeractivo.com.mx\/index.php?rest_route=%2Fwp%2Fv2%2Fcomments&post=12877"}],"version-history":[{"count":1,"href":"https:\/\/www.radiointeractivo.com.mx\/index.php?rest_route=\/wp\/v2\/posts\/12877\/revisions"}],"predecessor-version":[{"id":12879,"href":"https:\/\/www.radiointeractivo.com.mx\/index.php?rest_route=\/wp\/v2\/posts\/12877\/revisions\/12879"}],"wp:featuredmedia":[{"embeddable":true,"href":"https:\/\/www.radiointeractivo.com.mx\/index.php?rest_route=\/wp\/v2\/media\/12878"}],"wp:attachment":[{"href":"https:\/\/www.radiointeractivo.com.mx\/index.php?rest_route=%2Fwp%2Fv2%2Fmedia&parent=12877"}],"wp:term":[{"taxonomy":"category","embeddable":true,"href":"https:\/\/www.radiointeractivo.com.mx\/index.php?rest_route=%2Fwp%2Fv2%2Fcategories&post=12877"},{"taxonomy":"post_tag","embeddable":true,"href":"https:\/\/www.radiointeractivo.com.mx\/index.php?rest_route=%2Fwp%2Fv2%2Ftags&post=12877"}],"curies":[{"name":"wp","href":"https:\/\/api.w.org\/{rel}","templated":true}]}}