{"id":12861,"date":"2025-01-08T13:28:29","date_gmt":"2025-01-08T19:28:29","guid":{"rendered":"https:\/\/www.radiointeractivo.com.mx\/?p=12861"},"modified":"2025-01-08T13:28:33","modified_gmt":"2025-01-08T19:28:33","slug":"concluye-con-exito-el-viveros-magico-afluencia-supera-las-10-mil-personas-por-dia","status":"publish","type":"post","link":"https:\/\/www.radiointeractivo.com.mx\/?p=12861","title":{"rendered":"CONCLUYE CON \u00c9XITO EL \u2018VIVEROS M\u00c1GICO; AFLUENCIA SUPERA LAS 10 MIL PERSONAS POR D\u00cdA"},"content":{"rendered":"\n<figure class=\"wp-block-image size-large\"><img loading=\"lazy\" decoding=\"async\" width=\"1024\" height=\"684\" src=\"https:\/\/www.radiointeractivo.com.mx\/wp-content\/uploads\/2025\/01\/WhatsApp-Image-2025-01-08-at-12.25.54-PM-2-1024x684.jpeg\" alt=\"\" class=\"wp-image-12862\" srcset=\"https:\/\/www.radiointeractivo.com.mx\/wp-content\/uploads\/2025\/01\/WhatsApp-Image-2025-01-08-at-12.25.54-PM-2-1024x684.jpeg 1024w, https:\/\/www.radiointeractivo.com.mx\/wp-content\/uploads\/2025\/01\/WhatsApp-Image-2025-01-08-at-12.25.54-PM-2-300x200.jpeg 300w, https:\/\/www.radiointeractivo.com.mx\/wp-content\/uploads\/2025\/01\/WhatsApp-Image-2025-01-08-at-12.25.54-PM-2-768x513.jpeg 768w, https:\/\/www.radiointeractivo.com.mx\/wp-content\/uploads\/2025\/01\/WhatsApp-Image-2025-01-08-at-12.25.54-PM-2-1536x1026.jpeg 1536w, https:\/\/www.radiointeractivo.com.mx\/wp-content\/uploads\/2025\/01\/WhatsApp-Image-2025-01-08-at-12.25.54-PM-2.jpeg 1600w\" sizes=\"auto, (max-width: 1024px) 100vw, 1024px\" \/><\/figure>\n\n\n\n<p>Por: Staff | #NuevoLaredo #Laredo #NLD #Tamaulipas<\/p>\n\n\n\n<p>Durante 35 d\u00edas, el Viveros M\u00e1gico se convirti\u00f3 en el epicentro de las festividades decembrinas en Nuevo Laredo, atrayendo a m\u00e1s de 300 mil visitantes que disfrutaron del espect\u00e1culo de luces y figuras gigantes que ilumin\u00f3 el Parque Viveros.<\/p>\n\n\n\n<p>La alcaldesa Carmen Lilia Canturosas Villarreal encabez\u00f3 la inauguraci\u00f3n de este espacio el pasado 1 de diciembre con el tradicional encendido del pino navide\u00f1o, un acto simb\u00f3lico que marc\u00f3 el inicio de una temporada llena de magia y alegr\u00eda para las familias neolaredenses.<\/p>\n\n\n\n<p>Con m\u00e1s de 100 figuras iluminadas y m\u00e1s de 100 mil luces LED, esta iniciativa fue realizada por primera vez en la ciudad y r\u00e1pidamente se convirti\u00f3 en un \u00e9xito rotundo. Desde el 1 de diciembre de 2024 hasta el 6 de enero de 2025, miles de familias abarrotaron el recinto, disfrutando de un ambiente \u00fanico de esparcimiento, convivencia y admiraci\u00f3n por los creativos dise\u00f1os navide\u00f1os.<\/p>\n\n\n\n<p>Entre las figuras que m\u00e1s capturaron la atenci\u00f3n destacan un gigantesco oso luminoso, un t\u00fanel de luces y decoraciones en la entrada del parque, que tambi\u00e9n fueron objeto de fotograf\u00edas y aplausos. Ciudadanos como Samantha T\u00e9llez destacaron el impacto de esta iniciativa:<\/p>\n\n\n\n<p>\u201cLa verdad me parece muy bonito, los gobiernos anteriores no adornaban tan bonito, me parece muy familiar, para venir en pareja y con la familia, es algo nuevo y la verdad si hac\u00eda falta, est\u00e1 toda la vibra muy bonita. El oso est\u00e1 muy bonito y que hayan decorado all\u00e1 afuera en la entrada, es algo nuevo que todos estamos disfrutando\u201d, expres\u00f3 la visitante.<\/p>\n\n\n\n<p>Patricia Ram\u00edrez, quien acudi\u00f3 con sus hijos comparti\u00f3 su emoci\u00f3n por la experiencia in\u00e9dita:<\/p>\n\n\n\n<p>\u201cEstamos emocionadas, nos dijeron que el parque estaba bien padre, y aqu\u00ed andamos, no nos queremos ir, estamos tome y tome fotos, est\u00e1 bien bonito. Est\u00e1bamos platicando que en a\u00f1os anteriores esto no se ve\u00eda, nuestros pap\u00e1s no disfrutaron esto. Hay demasiada gente, muchas gracias, esto nunca se hab\u00eda visto antes\u201d, afirm\u00f3.<\/p>\n\n\n\n<p>Adem\u00e1s del espect\u00e1culo de luces, el Gobierno Municipal organiz\u00f3 una serie de actividades culturales que enriquecieron la experiencia de los asistentes, destacando presentaciones art\u00edsticas y eventos familiares que consolidaron al Viveros M\u00e1gico como un espacio integral de entretenimiento.<\/p>\n\n\n\n<p>El \u00e9xito de esta primera edici\u00f3n no solo marc\u00f3 un precedente en las celebraciones navide\u00f1as de la ciudad, sino que tambi\u00e9n reafirm\u00f3 el compromiso del gobierno de Carmen Lilia Canturosas por brindar a los neolaredenses experiencias memorables y espacios de calidad para su recreaci\u00f3n.<\/p>\n","protected":false},"excerpt":{"rendered":"<p>Por: Staff | #NuevoLaredo #Laredo #NLD #Tamaulipas Durante 35 d\u00edas, el Viveros M\u00e1gico se convirti\u00f3 en el epicentro de las festividades decembrinas en Nuevo Laredo, atrayendo a m\u00e1s de 300 mil visitantes que disfrutaron del espect\u00e1culo de luces y figuras gigantes que ilumin\u00f3 el Parque Viveros. La alcaldesa Carmen Lilia Canturosas Villarreal encabez\u00f3 la inauguraci\u00f3n &hellip;<\/p>\n","protected":false},"author":1,"featured_media":12863,"comment_status":"open","ping_status":"open","sticky":false,"template":"","format":"standard","meta":{"footnotes":""},"categories":[38],"tags":[],"class_list":["post-12861","post","type-post","status-publish","format-standard","has-post-thumbnail","","category-nuevo-laredo"],"_links":{"self":[{"href":"https:\/\/www.radiointeractivo.com.mx\/index.php?rest_route=\/wp\/v2\/posts\/12861","targetHints":{"allow":["GET"]}}],"collection":[{"href":"https:\/\/www.radiointeractivo.com.mx\/index.php?rest_route=\/wp\/v2\/posts"}],"about":[{"href":"https:\/\/www.radiointeractivo.com.mx\/index.php?rest_route=\/wp\/v2\/types\/post"}],"author":[{"embeddable":true,"href":"https:\/\/www.radiointeractivo.com.mx\/index.php?rest_route=\/wp\/v2\/users\/1"}],"replies":[{"embeddable":true,"href":"https:\/\/www.radiointeractivo.com.mx\/index.php?rest_route=%2Fwp%2Fv2%2Fcomments&post=12861"}],"version-history":[{"count":1,"href":"https:\/\/www.radiointeractivo.com.mx\/index.php?rest_route=\/wp\/v2\/posts\/12861\/revisions"}],"predecessor-version":[{"id":12864,"href":"https:\/\/www.radiointeractivo.com.mx\/index.php?rest_route=\/wp\/v2\/posts\/12861\/revisions\/12864"}],"wp:featuredmedia":[{"embeddable":true,"href":"https:\/\/www.radiointeractivo.com.mx\/index.php?rest_route=\/wp\/v2\/media\/12863"}],"wp:attachment":[{"href":"https:\/\/www.radiointeractivo.com.mx\/index.php?rest_route=%2Fwp%2Fv2%2Fmedia&parent=12861"}],"wp:term":[{"taxonomy":"category","embeddable":true,"href":"https:\/\/www.radiointeractivo.com.mx\/index.php?rest_route=%2Fwp%2Fv2%2Fcategories&post=12861"},{"taxonomy":"post_tag","embeddable":true,"href":"https:\/\/www.radiointeractivo.com.mx\/index.php?rest_route=%2Fwp%2Fv2%2Ftags&post=12861"}],"curies":[{"name":"wp","href":"https:\/\/api.w.org\/{rel}","templated":true}]}}