{"id":12855,"date":"2025-01-08T13:08:58","date_gmt":"2025-01-08T19:08:58","guid":{"rendered":"https:\/\/www.radiointeractivo.com.mx\/?p=12855"},"modified":"2025-01-08T13:09:00","modified_gmt":"2025-01-08T19:09:00","slug":"invita-gobierno-municipal-a-inscribirse-al-programa-de-apoyo-alimentario","status":"publish","type":"post","link":"https:\/\/www.radiointeractivo.com.mx\/?p=12855","title":{"rendered":"INVITA GOBIERNO MUNICIPAL A INSCRIBIRSE AL PROGRAMA DE APOYO ALIMENTARIO"},"content":{"rendered":"\n<figure class=\"wp-block-image size-large\"><img loading=\"lazy\" decoding=\"async\" width=\"1024\" height=\"1024\" src=\"https:\/\/www.radiointeractivo.com.mx\/wp-content\/uploads\/2025\/01\/WhatsApp-Image-2025-01-08-at-12.17.32-PM-1024x1024.jpeg\" alt=\"\" class=\"wp-image-12856\" srcset=\"https:\/\/www.radiointeractivo.com.mx\/wp-content\/uploads\/2025\/01\/WhatsApp-Image-2025-01-08-at-12.17.32-PM-1024x1024.jpeg 1024w, https:\/\/www.radiointeractivo.com.mx\/wp-content\/uploads\/2025\/01\/WhatsApp-Image-2025-01-08-at-12.17.32-PM-300x300.jpeg 300w, https:\/\/www.radiointeractivo.com.mx\/wp-content\/uploads\/2025\/01\/WhatsApp-Image-2025-01-08-at-12.17.32-PM-150x150.jpeg 150w, https:\/\/www.radiointeractivo.com.mx\/wp-content\/uploads\/2025\/01\/WhatsApp-Image-2025-01-08-at-12.17.32-PM-768x768.jpeg 768w, https:\/\/www.radiointeractivo.com.mx\/wp-content\/uploads\/2025\/01\/WhatsApp-Image-2025-01-08-at-12.17.32-PM-1536x1536.jpeg 1536w, https:\/\/www.radiointeractivo.com.mx\/wp-content\/uploads\/2025\/01\/WhatsApp-Image-2025-01-08-at-12.17.32-PM.jpeg 1600w\" sizes=\"auto, (max-width: 1024px) 100vw, 1024px\" \/><\/figure>\n\n\n\n<p>Por: Staff | #NuevoLaredo #Laredo #NLD #Tamaulipas<\/p>\n\n\n\n<p>Del lunes 13 al viernes 17 de enero de 2025 estar\u00e1 abierta la convocatoria para el Programa de Apoyo Alimentario del Gobierno de Nuevo Laredo, dirigido a jefas y jefes de familia, as\u00ed como a adultos mayores. Este programa busca brindar apoyo mensual con despensas a quienes cumplan los requisitos establecidos.<\/p>\n\n\n\n<p>Requisitos para jefas y jefes de familia:<\/p>\n\n\n\n<p>Copia de INE por ambos lados.<\/p>\n\n\n\n<p>Copia del CURP.<\/p>\n\n\n\n<p>Copia de comprobante de domicilio (no mayor a 3 meses).<\/p>\n\n\n\n<p>Copia del acta de nacimiento de hijos menores de edad.<\/p>\n\n\n\n<p>En caso de imposibilidad f\u00edsica o m\u00e9dica, el c\u00f3nyuge o descendiente directo podr\u00e1 realizar el tr\u00e1mite en representaci\u00f3n, presentando un documento que lo avale y comprobante m\u00e9dico.<\/p>\n\n\n\n<p>El personal de la Secretar\u00eda de Bienestar Social llevar\u00e1 a cabo un estudio socioecon\u00f3mico para cada solicitante. Este estudio ser\u00e1 el criterio principal para determinar a los beneficiarios del programa.<\/p>\n\n\n\n<p>Para agilizar el proceso de inscripci\u00f3n, se habilitar\u00e1n 16 m\u00f3dulos de registro en la Sala Sergio Pe\u00f1a. Las personas con discapacidad contar\u00e1n con un m\u00f3dulo de acceso directo asignado, garantizando una atenci\u00f3n r\u00e1pida y adecuada.<\/p>\n\n\n\n<p>Se invita a todas las personas interesadas a participar en esta convocatoria, un esfuerzo m\u00e1s del Gobierno Municipal para respaldar a las familias y sectores vulnerables de nuestra comunidad.<\/p>\n","protected":false},"excerpt":{"rendered":"<p>Por: Staff | #NuevoLaredo #Laredo #NLD #Tamaulipas Del lunes 13 al viernes 17 de enero de 2025 estar\u00e1 abierta la convocatoria para el Programa de Apoyo Alimentario del Gobierno de Nuevo Laredo, dirigido a jefas y jefes de familia, as\u00ed como a adultos mayores. Este programa busca brindar apoyo mensual con despensas a quienes cumplan &hellip;<\/p>\n","protected":false},"author":1,"featured_media":12856,"comment_status":"open","ping_status":"open","sticky":false,"template":"","format":"standard","meta":{"footnotes":""},"categories":[38],"tags":[],"class_list":["post-12855","post","type-post","status-publish","format-standard","has-post-thumbnail","","category-nuevo-laredo"],"_links":{"self":[{"href":"https:\/\/www.radiointeractivo.com.mx\/index.php?rest_route=\/wp\/v2\/posts\/12855","targetHints":{"allow":["GET"]}}],"collection":[{"href":"https:\/\/www.radiointeractivo.com.mx\/index.php?rest_route=\/wp\/v2\/posts"}],"about":[{"href":"https:\/\/www.radiointeractivo.com.mx\/index.php?rest_route=\/wp\/v2\/types\/post"}],"author":[{"embeddable":true,"href":"https:\/\/www.radiointeractivo.com.mx\/index.php?rest_route=\/wp\/v2\/users\/1"}],"replies":[{"embeddable":true,"href":"https:\/\/www.radiointeractivo.com.mx\/index.php?rest_route=%2Fwp%2Fv2%2Fcomments&post=12855"}],"version-history":[{"count":1,"href":"https:\/\/www.radiointeractivo.com.mx\/index.php?rest_route=\/wp\/v2\/posts\/12855\/revisions"}],"predecessor-version":[{"id":12857,"href":"https:\/\/www.radiointeractivo.com.mx\/index.php?rest_route=\/wp\/v2\/posts\/12855\/revisions\/12857"}],"wp:featuredmedia":[{"embeddable":true,"href":"https:\/\/www.radiointeractivo.com.mx\/index.php?rest_route=\/wp\/v2\/media\/12856"}],"wp:attachment":[{"href":"https:\/\/www.radiointeractivo.com.mx\/index.php?rest_route=%2Fwp%2Fv2%2Fmedia&parent=12855"}],"wp:term":[{"taxonomy":"category","embeddable":true,"href":"https:\/\/www.radiointeractivo.com.mx\/index.php?rest_route=%2Fwp%2Fv2%2Fcategories&post=12855"},{"taxonomy":"post_tag","embeddable":true,"href":"https:\/\/www.radiointeractivo.com.mx\/index.php?rest_route=%2Fwp%2Fv2%2Ftags&post=12855"}],"curies":[{"name":"wp","href":"https:\/\/api.w.org\/{rel}","templated":true}]}}