{"id":12851,"date":"2025-01-07T18:22:47","date_gmt":"2025-01-08T00:22:47","guid":{"rendered":"https:\/\/www.radiointeractivo.com.mx\/?p=12851"},"modified":"2025-01-07T18:22:48","modified_gmt":"2025-01-08T00:22:48","slug":"dif-tamaulipas-pone-a-disposicion-espacios-para-albergar-a-familias-ante-bajas-temperaturas","status":"publish","type":"post","link":"https:\/\/www.radiointeractivo.com.mx\/?p=12851","title":{"rendered":"DIF Tamaulipas pone a disposici\u00f3n espacios para albergar a familias ante bajas temperaturas"},"content":{"rendered":"\n<figure class=\"wp-block-image size-large\"><img loading=\"lazy\" decoding=\"async\" width=\"1024\" height=\"682\" src=\"https:\/\/www.radiointeractivo.com.mx\/wp-content\/uploads\/2025\/01\/WhatsApp-Image-2025-01-07-at-5.58.14-PM-1-1024x682.jpeg\" alt=\"\" class=\"wp-image-12852\" srcset=\"https:\/\/www.radiointeractivo.com.mx\/wp-content\/uploads\/2025\/01\/WhatsApp-Image-2025-01-07-at-5.58.14-PM-1-1024x682.jpeg 1024w, https:\/\/www.radiointeractivo.com.mx\/wp-content\/uploads\/2025\/01\/WhatsApp-Image-2025-01-07-at-5.58.14-PM-1-300x200.jpeg 300w, https:\/\/www.radiointeractivo.com.mx\/wp-content\/uploads\/2025\/01\/WhatsApp-Image-2025-01-07-at-5.58.14-PM-1-768x512.jpeg 768w, https:\/\/www.radiointeractivo.com.mx\/wp-content\/uploads\/2025\/01\/WhatsApp-Image-2025-01-07-at-5.58.14-PM-1-1536x1023.jpeg 1536w, https:\/\/www.radiointeractivo.com.mx\/wp-content\/uploads\/2025\/01\/WhatsApp-Image-2025-01-07-at-5.58.14-PM-1-310x205.jpeg 310w, https:\/\/www.radiointeractivo.com.mx\/wp-content\/uploads\/2025\/01\/WhatsApp-Image-2025-01-07-at-5.58.14-PM-1.jpeg 1600w\" sizes=\"auto, (max-width: 1024px) 100vw, 1024px\" \/><\/figure>\n\n\n\n<p>-Los centros asistenciales est\u00e1n preparados para recibir a quienes lo necesiten en esta temporada, en caso de que se requiera<\/p>\n\n\n\n<p>Por: Agencias<\/p>\n\n\n\n<p>Ciudad Victoria, Tamaulipas.- Dentro de las actividades que realiza el Sistema DIF Tamaulipas que preside la doctora Mar\u00eda de Villarreal, en esta temporada invernal se encuentran abiertos los centros asistenciales para atender a personas que se encuentren en condiciones de vulnerabilidad ante las bajas temperaturas que se han estado registrando en la entidad.<\/p>\n\n\n\n<p>En estos centros se brinda asistencia social durante periodos de contingencia como es en este caso, en que se presentan frentes fr\u00edos a lo largo de todo el pa\u00eds. Ah\u00ed se proporcionan apoyos alimentarios, servicios m\u00e9dicos, asistencia social, y diferentes servicios en los centros ubicados en diferentes municipios del estado.<\/p>\n\n\n\n<p>\u201cLo m\u00e1s importante es contar con espacios en donde resguardar a las familias que demanden este apoyo, y tenemos tambi\u00e9n cobertores y chamarras de diferentes tallas para toda la familia, y estaremos dando especial atenci\u00f3n a las zonas en donde se presentan las temperaturas m\u00e1s bajas\u201d, mencion\u00f3 en entrevista la directora general del DIF estatal, Patricia Lara Ayala.<\/p>\n\n\n\n<p>De esta manera, el DIF Tamaulipas contin\u00faa al pendiente de las necesidades de la poblaci\u00f3n que m\u00e1s lo necesita, atendi\u00e9ndolas con calidad y calidez mediante el trabajo de los Mensajeros de Paz que llevan esperanza y humanismo en cada una de sus acciones.<\/p>\n","protected":false},"excerpt":{"rendered":"<p>-Los centros asistenciales est\u00e1n preparados para recibir a quienes lo necesiten en esta temporada, en caso de que se requiera Por: Agencias Ciudad Victoria, Tamaulipas.- Dentro de las actividades que realiza el Sistema DIF Tamaulipas que preside la doctora Mar\u00eda de Villarreal, en esta temporada invernal se encuentran abiertos los centros asistenciales para atender a &hellip;<\/p>\n","protected":false},"author":1,"featured_media":12852,"comment_status":"open","ping_status":"open","sticky":false,"template":"","format":"standard","meta":{"footnotes":""},"categories":[39],"tags":[],"class_list":["post-12851","post","type-post","status-publish","format-standard","has-post-thumbnail","","category-tamaulipas"],"_links":{"self":[{"href":"https:\/\/www.radiointeractivo.com.mx\/index.php?rest_route=\/wp\/v2\/posts\/12851","targetHints":{"allow":["GET"]}}],"collection":[{"href":"https:\/\/www.radiointeractivo.com.mx\/index.php?rest_route=\/wp\/v2\/posts"}],"about":[{"href":"https:\/\/www.radiointeractivo.com.mx\/index.php?rest_route=\/wp\/v2\/types\/post"}],"author":[{"embeddable":true,"href":"https:\/\/www.radiointeractivo.com.mx\/index.php?rest_route=\/wp\/v2\/users\/1"}],"replies":[{"embeddable":true,"href":"https:\/\/www.radiointeractivo.com.mx\/index.php?rest_route=%2Fwp%2Fv2%2Fcomments&post=12851"}],"version-history":[{"count":1,"href":"https:\/\/www.radiointeractivo.com.mx\/index.php?rest_route=\/wp\/v2\/posts\/12851\/revisions"}],"predecessor-version":[{"id":12853,"href":"https:\/\/www.radiointeractivo.com.mx\/index.php?rest_route=\/wp\/v2\/posts\/12851\/revisions\/12853"}],"wp:featuredmedia":[{"embeddable":true,"href":"https:\/\/www.radiointeractivo.com.mx\/index.php?rest_route=\/wp\/v2\/media\/12852"}],"wp:attachment":[{"href":"https:\/\/www.radiointeractivo.com.mx\/index.php?rest_route=%2Fwp%2Fv2%2Fmedia&parent=12851"}],"wp:term":[{"taxonomy":"category","embeddable":true,"href":"https:\/\/www.radiointeractivo.com.mx\/index.php?rest_route=%2Fwp%2Fv2%2Fcategories&post=12851"},{"taxonomy":"post_tag","embeddable":true,"href":"https:\/\/www.radiointeractivo.com.mx\/index.php?rest_route=%2Fwp%2Fv2%2Ftags&post=12851"}],"curies":[{"name":"wp","href":"https:\/\/api.w.org\/{rel}","templated":true}]}}