{"id":12838,"date":"2025-01-07T16:31:45","date_gmt":"2025-01-07T22:31:45","guid":{"rendered":"https:\/\/www.radiointeractivo.com.mx\/?p=12838"},"modified":"2025-01-07T16:31:47","modified_gmt":"2025-01-07T22:31:47","slug":"fortalece-alcaldesa-carmen-lilia-canturosas-sinergia-con-gobierno-del-estado-para-consolidar-la-transformacion-en-tamaulipas","status":"publish","type":"post","link":"https:\/\/www.radiointeractivo.com.mx\/?p=12838","title":{"rendered":"FORTALECE ALCALDESA CARMEN LILIA CANTUROSAS SINERGIA CON GOBIERNO DEL ESTADO PARA CONSOLIDAR LA TRANSFORMACI\u00d3N EN TAMAULIPAS"},"content":{"rendered":"\n<figure class=\"wp-block-image size-large\"><img loading=\"lazy\" decoding=\"async\" width=\"1024\" height=\"683\" src=\"https:\/\/www.radiointeractivo.com.mx\/wp-content\/uploads\/2025\/01\/WhatsApp-Image-2025-01-07-at-3.51.38-PM-1024x683.jpeg\" alt=\"\" class=\"wp-image-12839\" srcset=\"https:\/\/www.radiointeractivo.com.mx\/wp-content\/uploads\/2025\/01\/WhatsApp-Image-2025-01-07-at-3.51.38-PM-1024x683.jpeg 1024w, https:\/\/www.radiointeractivo.com.mx\/wp-content\/uploads\/2025\/01\/WhatsApp-Image-2025-01-07-at-3.51.38-PM-300x200.jpeg 300w, https:\/\/www.radiointeractivo.com.mx\/wp-content\/uploads\/2025\/01\/WhatsApp-Image-2025-01-07-at-3.51.38-PM-768x512.jpeg 768w, https:\/\/www.radiointeractivo.com.mx\/wp-content\/uploads\/2025\/01\/WhatsApp-Image-2025-01-07-at-3.51.38-PM-1536x1024.jpeg 1536w, https:\/\/www.radiointeractivo.com.mx\/wp-content\/uploads\/2025\/01\/WhatsApp-Image-2025-01-07-at-3.51.38-PM.jpeg 1600w\" sizes=\"auto, (max-width: 1024px) 100vw, 1024px\" \/><\/figure>\n\n\n\n<p>Por: Staff | #NuevoLaredo #Laredo #NLD #Tamaulipas<\/p>\n\n\n\n<p>La presidenta municipal Carmen Lilia Canturosas Villarreal encabez\u00f3 el \u201cConversatorio Juntos Lo Hacemos Posible\u201d, un di\u00e1logo con funcionarios estatales para fortalecer la coordinaci\u00f3n entre el municipio y el Gobierno de Tamaulipas con la finalidad de consolidar los proyectos de transformaci\u00f3n del gobernador Am\u00e9rico Villarreal Anaya en la ciudad.<\/p>\n\n\n\n<p>Durante el encuentro, se discutieron estrategias conjuntas enfocadas en \u00e1reas prioritarias como seguridad p\u00fablica, desarrollo econ\u00f3mico, infraestructura, salud, educaci\u00f3n, transporte p\u00fablico y migraci\u00f3n. La alcaldesa reiter\u00f3 su compromiso de trabajar de la mano con cada delegaci\u00f3n en beneficio de los ciudadanos.<\/p>\n\n\n\n<p>\u201cPara mi es importante que ustedes se sientan parte de este gobierno, porque todos tenemos el mismo objetivo, un Nuevo Laredo m\u00e1s fortalecido, m\u00e1s brillante, que se Nuevo Laredo se hable lo que es; la principal frontera del Comercio Internacional en Latinoam\u00e9rica, toda su fortaleza econ\u00f3mica y de la mano del Gobernador Am\u00e9rico Villarreal Anaya nos seguiremos consolidandonos como una de las mejores ciudades\u201d, enfatiz\u00f3 Carmen Lilia a los funcionarios estatales.<\/p>\n\n\n\n<p>El objetivo principal de esta colaboraci\u00f3n es garantizar una mejor calidad de vida para los ciudadanos mediante la optimizaci\u00f3n de recursos, la implementaci\u00f3n de programas conjuntos, y la atenci\u00f3n efectiva a las necesidades de la comunidad.<\/p>\n\n\n\n<p>En ese sentido los representantes de los hospitales estatales destacaron las acciones realizadas por la administraci\u00f3n de la alcaldesa en relaci\u00f3n a los apoyos que brinda a los hospitales tanto el General, Civil y Jurisdicci\u00f3n Sanitaria No.5 con apoyo en suministros e infraestructura.<\/p>\n\n\n\n<p>Asi mismo el representante del Centro Regional de Desarrollo Educativo en Nuevo Laredo, Cesar Bola\u00f1os Hern\u00e1ndez agradeci\u00f3 por el apoyo de la plantilla de maestros municipales que cubren espacios frente a grupo ante el d\u00e9ficit de docentes que existe en la localidad, son alrededor de 80 profesionales de la educaci\u00f3n subsidiados por el municipio.<\/p>\n\n\n\n<p>Dentro del apoyo que realiza el Gobierno de Nuevo Laredo es difundir, brindar espacios y facilidades para la colocaci\u00f3n de ferias de empleo, as\u00ed como el impulso a la generaci\u00f3n y el detonante econ\u00f3mico de la ciudad en conjunto con el Servicio Nacional de Empleo en la ciudad.<\/p>\n\n\n\n<p>En esta reuni\u00f3n tambi\u00e9n se tocaron los temas de seguridad sobre todo el reforzamiento de vigilancia por parte de la Guardia Estatal durante las temporadas vacacionales por ser esta la frontera m\u00e1s utilizada por los connacionales para ingresar a M\u00e9xico.<\/p>\n\n\n\n<p>En el tema de transporte p\u00fablico, el delegado en la localidad Gilberto Mart\u00ednez Arcega, destac\u00f3 el inter\u00e9s de la presidenta municipal y su gobierno para colaborar en mejorar el servicio y las unidades, agreg\u00f3 que se espera la aprobaci\u00f3n de un subsidio para la adquisici\u00f3n de nuevas unidades.<\/p>\n\n\n\n<p>\u201cSe est\u00e1 trabajando ya en un convenio de colaboraci\u00f3n tripartita entre el Estado, el Gobierno Municipal y los concesionarios para poder aliviar esta carga de movilidad que tiene la ciudad. Ya me instruy\u00f3 ella que en cuanto est\u00e9 listo el proyecto pida una audiencia para presentarlo, ser\u00eda un subsidio a los concesionarios para que modernicen unidades, paguen mejores salarios y brinden mejor servicio a la ciudadan\u00eda\u201d, indic\u00f3 Mart\u00ednez Arcega.<\/p>\n\n\n\n<p>A la reuni\u00f3n asistieron Francisco Parra P\u00e9rez, delegado regional del Instituto Tamaulipeco para el Migrante, Horacio Seoane Yeme, delegado de Bienestar Social, Roque Hern\u00e1ndez Reyes, Jefe de la Oficina Fiscal, Hector Mu\u00f1iz Salinas, Oficial Tercero del Registro Civil, Ricardo Perez Torres, Oficial Cuarto del Registro Civil, Manlio Fabio Benavides, jefe de la Jurisdicci\u00f3n Sanitaria No. 5 , Adriana L\u00f3pez Carillo, directora del Hospital Civil, Mario Perez Coss, director del Hospital General y Rosa Mar\u00eda Ruiz Gordillo, coordinadora del Servicio Nacional de Empleo.<\/p>\n\n\n\n<p>En esta reuni\u00f3n ambas partes reafirmaron su compromiso de trabajar en equipo para lograr resultados tangibles en beneficio de los neolaredenses.<\/p>\n","protected":false},"excerpt":{"rendered":"<p>Por: Staff | #NuevoLaredo #Laredo #NLD #Tamaulipas La presidenta municipal Carmen Lilia Canturosas Villarreal encabez\u00f3 el \u201cConversatorio Juntos Lo Hacemos Posible\u201d, un di\u00e1logo con funcionarios estatales para fortalecer la coordinaci\u00f3n entre el municipio y el Gobierno de Tamaulipas con la finalidad de consolidar los proyectos de transformaci\u00f3n del gobernador Am\u00e9rico Villarreal Anaya en la ciudad. &hellip;<\/p>\n","protected":false},"author":1,"featured_media":12840,"comment_status":"open","ping_status":"open","sticky":false,"template":"","format":"standard","meta":{"footnotes":""},"categories":[38],"tags":[],"class_list":["post-12838","post","type-post","status-publish","format-standard","has-post-thumbnail","","category-nuevo-laredo"],"_links":{"self":[{"href":"https:\/\/www.radiointeractivo.com.mx\/index.php?rest_route=\/wp\/v2\/posts\/12838","targetHints":{"allow":["GET"]}}],"collection":[{"href":"https:\/\/www.radiointeractivo.com.mx\/index.php?rest_route=\/wp\/v2\/posts"}],"about":[{"href":"https:\/\/www.radiointeractivo.com.mx\/index.php?rest_route=\/wp\/v2\/types\/post"}],"author":[{"embeddable":true,"href":"https:\/\/www.radiointeractivo.com.mx\/index.php?rest_route=\/wp\/v2\/users\/1"}],"replies":[{"embeddable":true,"href":"https:\/\/www.radiointeractivo.com.mx\/index.php?rest_route=%2Fwp%2Fv2%2Fcomments&post=12838"}],"version-history":[{"count":1,"href":"https:\/\/www.radiointeractivo.com.mx\/index.php?rest_route=\/wp\/v2\/posts\/12838\/revisions"}],"predecessor-version":[{"id":12841,"href":"https:\/\/www.radiointeractivo.com.mx\/index.php?rest_route=\/wp\/v2\/posts\/12838\/revisions\/12841"}],"wp:featuredmedia":[{"embeddable":true,"href":"https:\/\/www.radiointeractivo.com.mx\/index.php?rest_route=\/wp\/v2\/media\/12840"}],"wp:attachment":[{"href":"https:\/\/www.radiointeractivo.com.mx\/index.php?rest_route=%2Fwp%2Fv2%2Fmedia&parent=12838"}],"wp:term":[{"taxonomy":"category","embeddable":true,"href":"https:\/\/www.radiointeractivo.com.mx\/index.php?rest_route=%2Fwp%2Fv2%2Fcategories&post=12838"},{"taxonomy":"post_tag","embeddable":true,"href":"https:\/\/www.radiointeractivo.com.mx\/index.php?rest_route=%2Fwp%2Fv2%2Ftags&post=12838"}],"curies":[{"name":"wp","href":"https:\/\/api.w.org\/{rel}","templated":true}]}}