{"id":1282,"date":"2023-09-01T21:59:42","date_gmt":"2023-09-01T21:59:42","guid":{"rendered":"https:\/\/www.radiointeractivo.com.mx\/?p=1282"},"modified":"2023-09-01T21:59:43","modified_gmt":"2023-09-01T21:59:43","slug":"fortalece-seduma-programade-proteccion-y-preservacion-del-jaguar","status":"publish","type":"post","link":"https:\/\/www.radiointeractivo.com.mx\/?p=1282","title":{"rendered":"Fortalece SEDUMA programade protecci\u00f3n y preservaci\u00f3n del jaguar"},"content":{"rendered":"\n<p>-A trav\u00e9s de la Procuradur\u00eda Ambiental y Urbana, se apoyar\u00e1 a la Comisi\u00f3n de Parques y Biodiversidad para la preservaci\u00f3n y protecci\u00f3n de esta especie emblem\u00e1tica<\/p>\n\n\n\n<p>Por: Agencias<\/p>\n\n\n\n<p>Ciudad Victoria, Tamaulipas.- Como parte del reforzamiento de las acciones para la conservaci\u00f3n de la biodiversidad del estado, la Procuradur\u00eda Ambiental y Urbana firm\u00f3 un convenio de colaboraci\u00f3n con la Comisi\u00f3n de Parques y Biodiversidad de Tamaulipas (CPBT), con el objetivo de preservar y proteger el jaguar que habita en la Reserva de la Biosfera El Cielo y en las zonas serranas de Tamaulipas.<\/p>\n\n\n\n<p>Durante la firma del documento, que permitir\u00e1 impulsar programas de protecci\u00f3n de especies emblem\u00e1ticas de la entidad, participaron, la secretaria de Desarrollo Urbano y Medio Ambiente, Karina Lizeth Sald\u00edvar Lartigue; el procurador Ambiental y Urbano, Ramiro Lozano Gonz\u00e1lez y el vocal ejecutivo de la CPBT, Eduardo Rocha Orozco.<br>Sald\u00edvar Lartigue coment\u00f3 que uno de los principales compromisos del gobernador del estado, Am\u00e9rico Villarreal Anaya, es buscar diversas estrategias que permitan preservar y proteger especies emblem\u00e1ticas en su h\u00e1bitat natural.<\/p>\n\n\n\n<p>\u201cSe va a estar apoyando a la Comisi\u00f3n de Parques y Biodiversidad principalmente en el programa de protecci\u00f3n del jaguar, aunque el mismo convenio nos va a dar pie a apoyar a la Comisi\u00f3n en algunos otros programas que tengan para protecci\u00f3n de la biodiversidad como el ocelote, guacamaya, cocodrilos, ya depender\u00e1 de los programas que tenga pendientes\u201d, dijo.<\/p>\n\n\n\n<p>La titular de la SEDUMA, explic\u00f3 que a trav\u00e9s de este convenio marco entre ambas instituciones se brindar\u00e1 apoyo a la Comisi\u00f3n de Parques y Biodiversidad, a trav\u00e9s de recursos de las medidas de mitigaci\u00f3n y compensaci\u00f3n aplicados a empresas o personas que no cumplen con la normatividad en cuanto a permisos o licencias ambientales.<\/p>\n\n\n\n<p>\u201cLa Procuradur\u00eda da seguimiento a estos permisos, hace la investigaci\u00f3n correspondiente y si recaen en alguna falta o sanci\u00f3n administrativa, se procede a sancionar, entonces de estos recursos se dispondr\u00e1 para darle el apoyo a la Comisi\u00f3n de Parques y Biodiversidad. Si es alguna falta, que se convierta en algo bueno y que sirva para apoyar a la biodiversidad\u201d.<\/p>\n\n\n\n<p>La firma de este convenio representa un firme compromiso con la protecci\u00f3n del jaguar y otras especies en peligro de la regi\u00f3n, subrayando la importancia de la colaboraci\u00f3n entre organismos gubernamentales para garantizar un futuro sostenible para la biodiversidad y el entorno natural de Tamaulipas.<\/p>\n","protected":false},"excerpt":{"rendered":"<p>-A trav\u00e9s de la Procuradur\u00eda Ambiental y Urbana, se apoyar\u00e1 a la Comisi\u00f3n de Parques y Biodiversidad para la preservaci\u00f3n y protecci\u00f3n de esta especie emblem\u00e1tica Por: Agencias Ciudad Victoria, Tamaulipas.- Como parte del reforzamiento de las acciones para la conservaci\u00f3n de la biodiversidad del estado, la Procuradur\u00eda Ambiental y Urbana firm\u00f3 un convenio de &hellip;<\/p>\n","protected":false},"author":1,"featured_media":1283,"comment_status":"open","ping_status":"open","sticky":false,"template":"","format":"standard","meta":{"footnotes":""},"categories":[39],"tags":[],"class_list":["post-1282","post","type-post","status-publish","format-standard","has-post-thumbnail","","category-tamaulipas"],"_links":{"self":[{"href":"https:\/\/www.radiointeractivo.com.mx\/index.php?rest_route=\/wp\/v2\/posts\/1282","targetHints":{"allow":["GET"]}}],"collection":[{"href":"https:\/\/www.radiointeractivo.com.mx\/index.php?rest_route=\/wp\/v2\/posts"}],"about":[{"href":"https:\/\/www.radiointeractivo.com.mx\/index.php?rest_route=\/wp\/v2\/types\/post"}],"author":[{"embeddable":true,"href":"https:\/\/www.radiointeractivo.com.mx\/index.php?rest_route=\/wp\/v2\/users\/1"}],"replies":[{"embeddable":true,"href":"https:\/\/www.radiointeractivo.com.mx\/index.php?rest_route=%2Fwp%2Fv2%2Fcomments&post=1282"}],"version-history":[{"count":1,"href":"https:\/\/www.radiointeractivo.com.mx\/index.php?rest_route=\/wp\/v2\/posts\/1282\/revisions"}],"predecessor-version":[{"id":1284,"href":"https:\/\/www.radiointeractivo.com.mx\/index.php?rest_route=\/wp\/v2\/posts\/1282\/revisions\/1284"}],"wp:featuredmedia":[{"embeddable":true,"href":"https:\/\/www.radiointeractivo.com.mx\/index.php?rest_route=\/wp\/v2\/media\/1283"}],"wp:attachment":[{"href":"https:\/\/www.radiointeractivo.com.mx\/index.php?rest_route=%2Fwp%2Fv2%2Fmedia&parent=1282"}],"wp:term":[{"taxonomy":"category","embeddable":true,"href":"https:\/\/www.radiointeractivo.com.mx\/index.php?rest_route=%2Fwp%2Fv2%2Fcategories&post=1282"},{"taxonomy":"post_tag","embeddable":true,"href":"https:\/\/www.radiointeractivo.com.mx\/index.php?rest_route=%2Fwp%2Fv2%2Ftags&post=1282"}],"curies":[{"name":"wp","href":"https:\/\/api.w.org\/{rel}","templated":true}]}}