{"id":12737,"date":"2025-01-03T17:46:14","date_gmt":"2025-01-03T23:46:14","guid":{"rendered":"https:\/\/www.radiointeractivo.com.mx\/?p=12737"},"modified":"2025-01-03T17:46:16","modified_gmt":"2025-01-03T23:46:16","slug":"inicia-el-canje-de-placas-en-tamaulipas-el-lunes-6-de-enero","status":"publish","type":"post","link":"https:\/\/www.radiointeractivo.com.mx\/?p=12737","title":{"rendered":"Inicia el canje de placas en Tamaulipas el lunes 6 de enero"},"content":{"rendered":"\n<figure class=\"wp-block-image size-large\"><img loading=\"lazy\" decoding=\"async\" width=\"1024\" height=\"716\" src=\"https:\/\/www.radiointeractivo.com.mx\/wp-content\/uploads\/2025\/01\/WhatsApp-Image-2025-01-03-at-2.39.13-PM-1024x716.jpeg\" alt=\"\" class=\"wp-image-12738\" srcset=\"https:\/\/www.radiointeractivo.com.mx\/wp-content\/uploads\/2025\/01\/WhatsApp-Image-2025-01-03-at-2.39.13-PM-1024x716.jpeg 1024w, https:\/\/www.radiointeractivo.com.mx\/wp-content\/uploads\/2025\/01\/WhatsApp-Image-2025-01-03-at-2.39.13-PM-300x210.jpeg 300w, https:\/\/www.radiointeractivo.com.mx\/wp-content\/uploads\/2025\/01\/WhatsApp-Image-2025-01-03-at-2.39.13-PM-768x537.jpeg 768w, https:\/\/www.radiointeractivo.com.mx\/wp-content\/uploads\/2025\/01\/WhatsApp-Image-2025-01-03-at-2.39.13-PM-1536x1073.jpeg 1536w, https:\/\/www.radiointeractivo.com.mx\/wp-content\/uploads\/2025\/01\/WhatsApp-Image-2025-01-03-at-2.39.13-PM.jpeg 1600w\" sizes=\"auto, (max-width: 1024px) 100vw, 1024px\" \/><\/figure>\n\n\n\n<p>Por: Agencias<\/p>\n\n\n\n<p>Ciudad Victoria, Tamaulipas.- La Secretar\u00eda de Finanzas de Tamaulipas a trav\u00e9s de las Oficinas Fiscales iniciar\u00e1 el pr\u00f3ximo lunes 6 de enero, el proceso de canje de placas, tarjeta de circulaci\u00f3n y engomado para veh\u00edculos particulares en todo el estado.<\/p>\n\n\n\n<p>Adriana Lozano Rodr\u00edguez, secretaria de Finanzas se\u00f1al\u00f3 que el objetivo es garantizar que los veh\u00edculos est\u00e9n debidamente identificados y registrados en el padr\u00f3n estatal de veh\u00edculos, medida que proporciona seguridad jur\u00eddica a las y los propietarios de los autom\u00f3viles particulares, adem\u00e1s de que tambi\u00e9n contribuye al fortalecimiento de la seguridad p\u00fablica en Tamaulipas.<\/p>\n\n\n\n<p>\u201cInvitamos a las y los ciudadanos a acudir a las Oficinas Fiscales para realizar este procedimiento. Seguimos la instrucci\u00f3n del gobernador Am\u00e9rico Villarreal Anaya de ofrecer una atenci\u00f3n humanista y eficiente a los contribuyentes\u201d, se\u00f1al\u00f3 Lozano Rodr\u00edguez.<\/p>\n\n\n\n<p>Refiri\u00f3 que las nuevas placas, cuyo tr\u00e1mite tendr\u00e1 un costo de $543.00 pesos, y $1,954.00 por Derechos de Control Vehicular; tambi\u00e9n permitir\u00e1n mejorar la vigilancia e identificaci\u00f3n de veh\u00edculos involucrados en diferentes percances, promoviendo un entorno m\u00e1s seguro para las y los tamaulipecos.<\/p>\n\n\n\n<p>Asimismo, dijo que para mayor comodidad de los usuarios, se habilit\u00f3 un servicio de env\u00edo de placas a domicilio. Este podr\u00e1 solicitarse en el portal oficial de Finanzas: https:\/\/finanzas.tamaulipas.gob.mx\/pago-de-contribuciones\/control-vehicular\/iniciar-tramite.php.<\/p>\n\n\n\n<p>Los requisitos para realizar el canje de placas son copia de la tarjeta de circulaci\u00f3n, copia del INE, licencia de conducir vigente, copia del comprobante de domicilio y hacer entrega de las placas anteriores.<\/p>\n","protected":false},"excerpt":{"rendered":"<p>Por: Agencias Ciudad Victoria, Tamaulipas.- La Secretar\u00eda de Finanzas de Tamaulipas a trav\u00e9s de las Oficinas Fiscales iniciar\u00e1 el pr\u00f3ximo lunes 6 de enero, el proceso de canje de placas, tarjeta de circulaci\u00f3n y engomado para veh\u00edculos particulares en todo el estado. Adriana Lozano Rodr\u00edguez, secretaria de Finanzas se\u00f1al\u00f3 que el objetivo es garantizar que &hellip;<\/p>\n","protected":false},"author":1,"featured_media":12738,"comment_status":"open","ping_status":"open","sticky":false,"template":"","format":"standard","meta":{"footnotes":""},"categories":[39],"tags":[],"class_list":["post-12737","post","type-post","status-publish","format-standard","has-post-thumbnail","","category-tamaulipas"],"_links":{"self":[{"href":"https:\/\/www.radiointeractivo.com.mx\/index.php?rest_route=\/wp\/v2\/posts\/12737","targetHints":{"allow":["GET"]}}],"collection":[{"href":"https:\/\/www.radiointeractivo.com.mx\/index.php?rest_route=\/wp\/v2\/posts"}],"about":[{"href":"https:\/\/www.radiointeractivo.com.mx\/index.php?rest_route=\/wp\/v2\/types\/post"}],"author":[{"embeddable":true,"href":"https:\/\/www.radiointeractivo.com.mx\/index.php?rest_route=\/wp\/v2\/users\/1"}],"replies":[{"embeddable":true,"href":"https:\/\/www.radiointeractivo.com.mx\/index.php?rest_route=%2Fwp%2Fv2%2Fcomments&post=12737"}],"version-history":[{"count":1,"href":"https:\/\/www.radiointeractivo.com.mx\/index.php?rest_route=\/wp\/v2\/posts\/12737\/revisions"}],"predecessor-version":[{"id":12739,"href":"https:\/\/www.radiointeractivo.com.mx\/index.php?rest_route=\/wp\/v2\/posts\/12737\/revisions\/12739"}],"wp:featuredmedia":[{"embeddable":true,"href":"https:\/\/www.radiointeractivo.com.mx\/index.php?rest_route=\/wp\/v2\/media\/12738"}],"wp:attachment":[{"href":"https:\/\/www.radiointeractivo.com.mx\/index.php?rest_route=%2Fwp%2Fv2%2Fmedia&parent=12737"}],"wp:term":[{"taxonomy":"category","embeddable":true,"href":"https:\/\/www.radiointeractivo.com.mx\/index.php?rest_route=%2Fwp%2Fv2%2Fcategories&post=12737"},{"taxonomy":"post_tag","embeddable":true,"href":"https:\/\/www.radiointeractivo.com.mx\/index.php?rest_route=%2Fwp%2Fv2%2Ftags&post=12737"}],"curies":[{"name":"wp","href":"https:\/\/api.w.org\/{rel}","templated":true}]}}