{"id":12657,"date":"2024-12-29T15:44:34","date_gmt":"2024-12-29T21:44:34","guid":{"rendered":"https:\/\/www.radiointeractivo.com.mx\/?p=12657"},"modified":"2024-12-29T15:44:35","modified_gmt":"2024-12-29T21:44:35","slug":"gobierno-de-nuevo-laredo-comprometido-con-el-medio-ambiente-realiza-campanas-de-reforestacion","status":"publish","type":"post","link":"https:\/\/www.radiointeractivo.com.mx\/?p=12657","title":{"rendered":"GOBIERNO DE NUEVO LAREDO COMPROMETIDO CON EL MEDIO AMBIENTE REALIZA CAMPA\u00d1AS DE REFORESTACI\u00d3N."},"content":{"rendered":"\n<figure class=\"wp-block-image size-large\"><img loading=\"lazy\" decoding=\"async\" width=\"1024\" height=\"576\" src=\"https:\/\/www.radiointeractivo.com.mx\/wp-content\/uploads\/2024\/12\/WhatsApp-Image-2024-12-29-at-1.36.24-PM-1-1024x576.jpeg\" alt=\"\" class=\"wp-image-12658\" srcset=\"https:\/\/www.radiointeractivo.com.mx\/wp-content\/uploads\/2024\/12\/WhatsApp-Image-2024-12-29-at-1.36.24-PM-1-1024x576.jpeg 1024w, https:\/\/www.radiointeractivo.com.mx\/wp-content\/uploads\/2024\/12\/WhatsApp-Image-2024-12-29-at-1.36.24-PM-1-300x169.jpeg 300w, https:\/\/www.radiointeractivo.com.mx\/wp-content\/uploads\/2024\/12\/WhatsApp-Image-2024-12-29-at-1.36.24-PM-1-768x432.jpeg 768w, https:\/\/www.radiointeractivo.com.mx\/wp-content\/uploads\/2024\/12\/WhatsApp-Image-2024-12-29-at-1.36.24-PM-1.jpeg 1280w\" sizes=\"auto, (max-width: 1024px) 100vw, 1024px\" \/><\/figure>\n\n\n\n<p>Por: Staff | #NuevoLaredo #Laredo #NLD #Tamaulipas<\/p>\n\n\n\n<p>El gobierno municipal de Nuevo Laredo realiza campa\u00f1as de reforestaci\u00f3n permanentemente por medio de la Coordinaci\u00f3n General de Gesti\u00f3n Ambiental en diferentes partes de la ciudad, esto como parte del compromiso de propiciar y promover espacios saludables.<\/p>\n\n\n\n<p>La presidenta municipal Carmen Lilia Canturosas Villarreal manifest\u00f3 que es un compromiso ambiental del Gobierno Municipal de reforestar con cientos de \u00e1rboles de diferentes especies los lugares p\u00fablicos y planteles educativos para que Nuevo Laredo cuente con m\u00e1s espacios verdes y se mejore la calidad del medio ambiente.<\/p>\n\n\n\n<p>\u201cEstamos muy comprometidos con el medio ambiente, queremos reforestar toda la ciudad, la Coordinaci\u00f3n de Gesti\u00f3n Ambiental tiene la labor de visitar y verificar los espacios que vamos a reforestar, es importante que la ciudadan\u00eda tambi\u00e9n se comprometa a cuidar estos espacios y sobre todo que planten \u00e1rboles en sus viviendas, eso har\u00eda la diferencia para cuidar nuestro medio ambiente\u201d, agreg\u00f3 la alcaldesa.<\/p>\n\n\n\n<p>Tania Taboada Blanco, titular de la Coordinaci\u00f3n General de Gesti\u00f3n Ambiental en Nuevo Laredo se\u00f1al\u00f3 que llevan a cabo jornadas como \u201cArboleando\u201d, \u201cNavidad Verde\u201d entre otras para reforestar espacios, en cada jornada se llegan a plantar hasta m\u00e1s de 50 \u00e1rboles.<\/p>\n\n\n\n<p>\u201cUna reforestaci\u00f3n masiva en todo Nuevo Laredo, estamos llegando a todas partes coordinadamente con la Secretar\u00eda de Servicios P\u00fablicos, traemos una coordinaci\u00f3n con parques, plazas, escuelas que nos piden reforestaci\u00f3n, acudimos por parte de la coordinaci\u00f3n general a estos lugares para verificar la tierra, los espacios y cuantos arboles se pueden plantar, debe acudir un inspector forestal para verificar que sea viable la reforestaci\u00f3n\u201d, agrego Taboada Blanco.<\/p>\n\n\n\n<p>La reforestaci\u00f3n no solo se centrar\u00e1 en aumentar el n\u00famero de \u00e1rboles, sino en diversificar las especies plantadas.<\/p>\n\n\n\n<p>A trav\u00e9s de esta acci\u00f3n, se incorporar\u00e1n nuevas especies de \u00e1rboles medianos, entre las que se incluyen mezquites, huizaches, \u00e1rbol neem, \u00e1rbol San Pedro, \u00e1rbol color\u00edn, cresp\u00f3n, anacuas y anacahuitas, con la intenci\u00f3n de enriquecer la diversidad arb\u00f3rea de la ciudad y contribuir a un entorno m\u00e1s saludable.<\/p>\n\n\n\n<p>La reforestaci\u00f3n se realizar\u00e1 en lugares como Paseo Col\u00f3n, Plaza Ju\u00e1rez, Plaza Hidalgo, las \u00e1reas verdes de la Presidencia Municipal, Explanada Esteban Baca Calder\u00f3n, Las Antorchas, el camell\u00f3n Ruiz Cortines, Plaza Zaragoza, Paseo Col\u00f3n, Alameda a la Mujer, Plaza El Maestro, Sim\u00f3n Bol\u00edvar y los parques Viveros y Mendoza, entre otros.<\/p>\n\n\n\n<p>Con este esfuerzo, se espera que los espacios p\u00fablicos se conviertan en lugares m\u00e1s accesibles, c\u00f3modos y sostenibles, donde la comunidad pueda disfrutar de su entorno de una forma renovada y revitalizada.<\/p>\n","protected":false},"excerpt":{"rendered":"<p>Por: Staff | #NuevoLaredo #Laredo #NLD #Tamaulipas El gobierno municipal de Nuevo Laredo realiza campa\u00f1as de reforestaci\u00f3n permanentemente por medio de la Coordinaci\u00f3n General de Gesti\u00f3n Ambiental en diferentes partes de la ciudad, esto como parte del compromiso de propiciar y promover espacios saludables. La presidenta municipal Carmen Lilia Canturosas Villarreal manifest\u00f3 que es un &hellip;<\/p>\n","protected":false},"author":1,"featured_media":12658,"comment_status":"open","ping_status":"open","sticky":false,"template":"","format":"standard","meta":{"footnotes":""},"categories":[38],"tags":[],"class_list":["post-12657","post","type-post","status-publish","format-standard","has-post-thumbnail","","category-nuevo-laredo"],"_links":{"self":[{"href":"https:\/\/www.radiointeractivo.com.mx\/index.php?rest_route=\/wp\/v2\/posts\/12657","targetHints":{"allow":["GET"]}}],"collection":[{"href":"https:\/\/www.radiointeractivo.com.mx\/index.php?rest_route=\/wp\/v2\/posts"}],"about":[{"href":"https:\/\/www.radiointeractivo.com.mx\/index.php?rest_route=\/wp\/v2\/types\/post"}],"author":[{"embeddable":true,"href":"https:\/\/www.radiointeractivo.com.mx\/index.php?rest_route=\/wp\/v2\/users\/1"}],"replies":[{"embeddable":true,"href":"https:\/\/www.radiointeractivo.com.mx\/index.php?rest_route=%2Fwp%2Fv2%2Fcomments&post=12657"}],"version-history":[{"count":1,"href":"https:\/\/www.radiointeractivo.com.mx\/index.php?rest_route=\/wp\/v2\/posts\/12657\/revisions"}],"predecessor-version":[{"id":12659,"href":"https:\/\/www.radiointeractivo.com.mx\/index.php?rest_route=\/wp\/v2\/posts\/12657\/revisions\/12659"}],"wp:featuredmedia":[{"embeddable":true,"href":"https:\/\/www.radiointeractivo.com.mx\/index.php?rest_route=\/wp\/v2\/media\/12658"}],"wp:attachment":[{"href":"https:\/\/www.radiointeractivo.com.mx\/index.php?rest_route=%2Fwp%2Fv2%2Fmedia&parent=12657"}],"wp:term":[{"taxonomy":"category","embeddable":true,"href":"https:\/\/www.radiointeractivo.com.mx\/index.php?rest_route=%2Fwp%2Fv2%2Fcategories&post=12657"},{"taxonomy":"post_tag","embeddable":true,"href":"https:\/\/www.radiointeractivo.com.mx\/index.php?rest_route=%2Fwp%2Fv2%2Ftags&post=12657"}],"curies":[{"name":"wp","href":"https:\/\/api.w.org\/{rel}","templated":true}]}}