{"id":12633,"date":"2024-12-27T12:15:48","date_gmt":"2024-12-27T18:15:48","guid":{"rendered":"https:\/\/www.radiointeractivo.com.mx\/?p=12633"},"modified":"2024-12-27T12:15:51","modified_gmt":"2024-12-27T18:15:51","slug":"exhortan-a-ciudadanos-a-no-realizar-llamadas-de-broma-por-dia-de-los-inocentes","status":"publish","type":"post","link":"https:\/\/www.radiointeractivo.com.mx\/?p=12633","title":{"rendered":"EXHORTAN A CIUDADANOS A NO REALIZAR LLAMADAS DE BROMA POR D\u00cdA DE LOS INOCENTES."},"content":{"rendered":"\n<figure class=\"wp-block-image size-large\"><img loading=\"lazy\" decoding=\"async\" width=\"1024\" height=\"768\" src=\"https:\/\/www.radiointeractivo.com.mx\/wp-content\/uploads\/2024\/12\/WhatsApp-Image-2024-12-27-at-11.56.01-AM-1024x768.jpeg\" alt=\"\" class=\"wp-image-12634\" srcset=\"https:\/\/www.radiointeractivo.com.mx\/wp-content\/uploads\/2024\/12\/WhatsApp-Image-2024-12-27-at-11.56.01-AM-1024x768.jpeg 1024w, https:\/\/www.radiointeractivo.com.mx\/wp-content\/uploads\/2024\/12\/WhatsApp-Image-2024-12-27-at-11.56.01-AM-300x225.jpeg 300w, https:\/\/www.radiointeractivo.com.mx\/wp-content\/uploads\/2024\/12\/WhatsApp-Image-2024-12-27-at-11.56.01-AM-768x576.jpeg 768w, https:\/\/www.radiointeractivo.com.mx\/wp-content\/uploads\/2024\/12\/WhatsApp-Image-2024-12-27-at-11.56.01-AM-1536x1152.jpeg 1536w, https:\/\/www.radiointeractivo.com.mx\/wp-content\/uploads\/2024\/12\/WhatsApp-Image-2024-12-27-at-11.56.01-AM.jpeg 1600w\" sizes=\"auto, (max-width: 1024px) 100vw, 1024px\" \/><\/figure>\n\n\n\n<p>Por: Staff | #NuevoLaredo #Laredo #NLD #Tamaulipas<\/p>\n\n\n\n<p>La Direcci\u00f3n de Protecci\u00f3n Civil y Bomberos de Nuevo Laredo hace el atento llamado a la ciudadan\u00eda a evitar realizar llamadas de broma este pr\u00f3ximo 28 de diciembre D\u00eda de los Inocentes.<\/p>\n\n\n\n<p>Humberto Fern\u00e1ndez Diez de Pinos, director de Protecci\u00f3n Civil y Bomberos se\u00f1al\u00f3 que a\u00f1os pasados si se han registrado llamadas de broma que generan la movilizaci\u00f3n de los equipos de rescate lo que provoca p\u00e9rdida de tiempo en caso de presentarse una verdadera emergencia.<\/p>\n\n\n\n<p>\u201cHacemos el llamado a la ciudadan\u00eda a que no realice este tipo de llamadas de broma reportando alg\u00fan incendio o accidente, desafortunadamente si se siguen presentando estas situaciones que provocan movilizaci\u00f3n de Bomberos y de Protecci\u00f3n Civil e impide reaccionar a tiempo ante alguna emergencia real\u201d, dijo el director.<\/p>\n\n\n\n<p>Agreg\u00f3 que se tiene registro por medio de C4 de m\u00e1s de una decena de llamadas de broma realizadas el a\u00f1o pasado.<\/p>\n\n\n\n<p>Fern\u00e1ndez Diez de Pinos se\u00f1al\u00f3 que por indicaci\u00f3n de la presidenta municipal Carmen Lilia Canturosas, los elementos de las corporaciones de Bomberos y Protecci\u00f3n Civil se encuentran al alerta para reaccionar ante cualquier llamado sobre todo en esta temporada vacacional donde los peque\u00f1os se encuentran en casa y se registra mayor flujo de viajeros por Nuevo Laredo.<\/p>\n","protected":false},"excerpt":{"rendered":"<p>Por: Staff | #NuevoLaredo #Laredo #NLD #Tamaulipas La Direcci\u00f3n de Protecci\u00f3n Civil y Bomberos de Nuevo Laredo hace el atento llamado a la ciudadan\u00eda a evitar realizar llamadas de broma este pr\u00f3ximo 28 de diciembre D\u00eda de los Inocentes. Humberto Fern\u00e1ndez Diez de Pinos, director de Protecci\u00f3n Civil y Bomberos se\u00f1al\u00f3 que a\u00f1os pasados si &hellip;<\/p>\n","protected":false},"author":1,"featured_media":12634,"comment_status":"open","ping_status":"open","sticky":false,"template":"","format":"standard","meta":{"footnotes":""},"categories":[38],"tags":[],"class_list":["post-12633","post","type-post","status-publish","format-standard","has-post-thumbnail","","category-nuevo-laredo"],"_links":{"self":[{"href":"https:\/\/www.radiointeractivo.com.mx\/index.php?rest_route=\/wp\/v2\/posts\/12633","targetHints":{"allow":["GET"]}}],"collection":[{"href":"https:\/\/www.radiointeractivo.com.mx\/index.php?rest_route=\/wp\/v2\/posts"}],"about":[{"href":"https:\/\/www.radiointeractivo.com.mx\/index.php?rest_route=\/wp\/v2\/types\/post"}],"author":[{"embeddable":true,"href":"https:\/\/www.radiointeractivo.com.mx\/index.php?rest_route=\/wp\/v2\/users\/1"}],"replies":[{"embeddable":true,"href":"https:\/\/www.radiointeractivo.com.mx\/index.php?rest_route=%2Fwp%2Fv2%2Fcomments&post=12633"}],"version-history":[{"count":1,"href":"https:\/\/www.radiointeractivo.com.mx\/index.php?rest_route=\/wp\/v2\/posts\/12633\/revisions"}],"predecessor-version":[{"id":12635,"href":"https:\/\/www.radiointeractivo.com.mx\/index.php?rest_route=\/wp\/v2\/posts\/12633\/revisions\/12635"}],"wp:featuredmedia":[{"embeddable":true,"href":"https:\/\/www.radiointeractivo.com.mx\/index.php?rest_route=\/wp\/v2\/media\/12634"}],"wp:attachment":[{"href":"https:\/\/www.radiointeractivo.com.mx\/index.php?rest_route=%2Fwp%2Fv2%2Fmedia&parent=12633"}],"wp:term":[{"taxonomy":"category","embeddable":true,"href":"https:\/\/www.radiointeractivo.com.mx\/index.php?rest_route=%2Fwp%2Fv2%2Fcategories&post=12633"},{"taxonomy":"post_tag","embeddable":true,"href":"https:\/\/www.radiointeractivo.com.mx\/index.php?rest_route=%2Fwp%2Fv2%2Ftags&post=12633"}],"curies":[{"name":"wp","href":"https:\/\/api.w.org\/{rel}","templated":true}]}}