{"id":12630,"date":"2024-12-26T15:16:26","date_gmt":"2024-12-26T21:16:26","guid":{"rendered":"https:\/\/www.radiointeractivo.com.mx\/?p=12630"},"modified":"2024-12-26T15:16:27","modified_gmt":"2024-12-26T21:16:27","slug":"encabeza-tampico-afluencia-de-visitantes-en-tamaulipas","status":"publish","type":"post","link":"https:\/\/www.radiointeractivo.com.mx\/?p=12630","title":{"rendered":"Encabeza Tampico afluencia de visitantes en Tamaulipas"},"content":{"rendered":"\n<figure class=\"wp-block-image size-large\"><img loading=\"lazy\" decoding=\"async\" width=\"943\" height=\"1024\" src=\"https:\/\/www.radiointeractivo.com.mx\/wp-content\/uploads\/2024\/12\/WhatsApp-Image-2024-12-26-at-2.31.01-PM-943x1024.jpeg\" alt=\"\" class=\"wp-image-12631\" srcset=\"https:\/\/www.radiointeractivo.com.mx\/wp-content\/uploads\/2024\/12\/WhatsApp-Image-2024-12-26-at-2.31.01-PM-943x1024.jpeg 943w, https:\/\/www.radiointeractivo.com.mx\/wp-content\/uploads\/2024\/12\/WhatsApp-Image-2024-12-26-at-2.31.01-PM-276x300.jpeg 276w, https:\/\/www.radiointeractivo.com.mx\/wp-content\/uploads\/2024\/12\/WhatsApp-Image-2024-12-26-at-2.31.01-PM-768x834.jpeg 768w, https:\/\/www.radiointeractivo.com.mx\/wp-content\/uploads\/2024\/12\/WhatsApp-Image-2024-12-26-at-2.31.01-PM.jpeg 1079w\" sizes=\"auto, (max-width: 943px) 100vw, 943px\" \/><\/figure>\n\n\n\n<p>-En este periodo vacacional se registran en los destinos tur\u00edsticos de la entidad m\u00e1s de 200 mil visitantes<\/p>\n\n\n\n<p>Por: Agencias<\/p>\n\n\n\n<p>Ciudad Victoria, Tamaulipas.- La Secretar\u00eda de Turismo del Gobierno de Tamaulipas reporta que la afluencia de visitantes a los destinos tur\u00edsticos en este periodo vacacional, lo encabeza Tampico con m\u00e1s de 42 mil visitantes.<\/p>\n\n\n\n<p>Benjam\u00edn Hern\u00e1ndez Rodr\u00edguez, titular del ramo destac\u00f3 que en estos primeros d\u00edas de las vacaciones de fin de a\u00f1o se registra una afluencia de m\u00e1s de 200 mil visitantes.<\/p>\n\n\n\n<p>Expuso que entre los destinos m\u00e1s visitados est\u00e1 el Pueblo M\u00e1gico de Tula con m\u00e1s de 40 mil personas; en tercer lugar Playa Miramar con m\u00e1s de 35 mil; seguido de Llera con m\u00e1s de 11 mil y Matamoros con m\u00e1s de 8 mil.<\/p>\n\n\n\n<p>Afirm\u00f3 que derivado del trabajo de gesti\u00f3n, promoci\u00f3n y seguridad con lo que el gobernador Am\u00e9rico Villarreal Anaya est\u00e1 transformando al estado, el turismo se est\u00e1 incrementando y fortaleciendo.<\/p>\n\n\n\n<p>\u201cLa seguridad en las v\u00edas carreteras se traducen en un alto flujo vehicular, sumado a las Estaciones Seguras con personal de la Guardia Estatal, adem\u00e1s de los \u00c1ngeles Verdes que brindan una atenci\u00f3n personalizada a quienes transitan por las vialidades de la entidad\u201d, explic\u00f3.<br><br>Una seguridad que se reforzar\u00e1 a\u00fan m\u00e1s, con la construcci\u00f3n de nuevas Estaciones Seguras, entre otras aciones y estrategias que impulsa el estado en beneficio de la poblaci\u00f3n, concluy\u00f3.<\/p>\n","protected":false},"excerpt":{"rendered":"<p>-En este periodo vacacional se registran en los destinos tur\u00edsticos de la entidad m\u00e1s de 200 mil visitantes Por: Agencias Ciudad Victoria, Tamaulipas.- La Secretar\u00eda de Turismo del Gobierno de Tamaulipas reporta que la afluencia de visitantes a los destinos tur\u00edsticos en este periodo vacacional, lo encabeza Tampico con m\u00e1s de 42 mil visitantes. Benjam\u00edn &hellip;<\/p>\n","protected":false},"author":1,"featured_media":12631,"comment_status":"open","ping_status":"open","sticky":false,"template":"","format":"standard","meta":{"footnotes":""},"categories":[39],"tags":[],"class_list":["post-12630","post","type-post","status-publish","format-standard","has-post-thumbnail","","category-tamaulipas"],"_links":{"self":[{"href":"https:\/\/www.radiointeractivo.com.mx\/index.php?rest_route=\/wp\/v2\/posts\/12630","targetHints":{"allow":["GET"]}}],"collection":[{"href":"https:\/\/www.radiointeractivo.com.mx\/index.php?rest_route=\/wp\/v2\/posts"}],"about":[{"href":"https:\/\/www.radiointeractivo.com.mx\/index.php?rest_route=\/wp\/v2\/types\/post"}],"author":[{"embeddable":true,"href":"https:\/\/www.radiointeractivo.com.mx\/index.php?rest_route=\/wp\/v2\/users\/1"}],"replies":[{"embeddable":true,"href":"https:\/\/www.radiointeractivo.com.mx\/index.php?rest_route=%2Fwp%2Fv2%2Fcomments&post=12630"}],"version-history":[{"count":1,"href":"https:\/\/www.radiointeractivo.com.mx\/index.php?rest_route=\/wp\/v2\/posts\/12630\/revisions"}],"predecessor-version":[{"id":12632,"href":"https:\/\/www.radiointeractivo.com.mx\/index.php?rest_route=\/wp\/v2\/posts\/12630\/revisions\/12632"}],"wp:featuredmedia":[{"embeddable":true,"href":"https:\/\/www.radiointeractivo.com.mx\/index.php?rest_route=\/wp\/v2\/media\/12631"}],"wp:attachment":[{"href":"https:\/\/www.radiointeractivo.com.mx\/index.php?rest_route=%2Fwp%2Fv2%2Fmedia&parent=12630"}],"wp:term":[{"taxonomy":"category","embeddable":true,"href":"https:\/\/www.radiointeractivo.com.mx\/index.php?rest_route=%2Fwp%2Fv2%2Fcategories&post=12630"},{"taxonomy":"post_tag","embeddable":true,"href":"https:\/\/www.radiointeractivo.com.mx\/index.php?rest_route=%2Fwp%2Fv2%2Ftags&post=12630"}],"curies":[{"name":"wp","href":"https:\/\/api.w.org\/{rel}","templated":true}]}}