{"id":12616,"date":"2024-12-26T13:08:00","date_gmt":"2024-12-26T19:08:00","guid":{"rendered":"https:\/\/www.radiointeractivo.com.mx\/?p=12616"},"modified":"2024-12-26T13:08:01","modified_gmt":"2024-12-26T19:08:01","slug":"analizan-turismo-federal-y-tamaulipas-proyectos-2025","status":"publish","type":"post","link":"https:\/\/www.radiointeractivo.com.mx\/?p=12616","title":{"rendered":"Analizan Turismo Federal y Tamaulipas proyectos 2025"},"content":{"rendered":"\n<figure class=\"wp-block-image size-large\"><img loading=\"lazy\" decoding=\"async\" width=\"1024\" height=\"623\" src=\"https:\/\/www.radiointeractivo.com.mx\/wp-content\/uploads\/2024\/12\/WhatsApp-Image-2024-12-23-at-4.01.14-PM-1024x623.jpeg\" alt=\"\" class=\"wp-image-12617\" srcset=\"https:\/\/www.radiointeractivo.com.mx\/wp-content\/uploads\/2024\/12\/WhatsApp-Image-2024-12-23-at-4.01.14-PM-1024x623.jpeg 1024w, https:\/\/www.radiointeractivo.com.mx\/wp-content\/uploads\/2024\/12\/WhatsApp-Image-2024-12-23-at-4.01.14-PM-300x182.jpeg 300w, https:\/\/www.radiointeractivo.com.mx\/wp-content\/uploads\/2024\/12\/WhatsApp-Image-2024-12-23-at-4.01.14-PM-768x467.jpeg 768w, https:\/\/www.radiointeractivo.com.mx\/wp-content\/uploads\/2024\/12\/WhatsApp-Image-2024-12-23-at-4.01.14-PM-1536x934.jpeg 1536w, https:\/\/www.radiointeractivo.com.mx\/wp-content\/uploads\/2024\/12\/WhatsApp-Image-2024-12-23-at-4.01.14-PM.jpeg 1600w\" sizes=\"auto, (max-width: 1024px) 100vw, 1024px\" \/><\/figure>\n\n\n\n<p>-Se fortalecer\u00e1 el turismo de una manera sustentable, inclusiva, diversificando los beneficios del sector<\/p>\n\n\n\n<p>Por: Agencias<\/p>\n\n\n\n<p>Ciudad de M\u00e9xico.- Para afinar detalles de los proyectos para el 2025, buscando mecanismos que permitan la sustentabilidad y la inclusi\u00f3n en el sector, el secretario de Turismo de Tamaulipas, Benjam\u00edn Hern\u00e1ndez Rodriguez sostuvo un encuentro con la secretaria federal del ramo, Josefina Rodr\u00edguez Zamora.<\/p>\n\n\n\n<p>Dentro de los temas que se abordaron est\u00e1 el de la Nauticopa, un pr\u00f3ximo evento deportivo que proyectar\u00e1 a\u00fan m\u00e1s a Tamaulipas, entre otro m\u00e1s.<\/p>\n\n\n\n<p>Adem\u00e1s, se plantearon diversas estrategias para potenciar al estado en el radar nacional e internacional, estrechando a\u00fan m\u00e1s la relaci\u00f3n que existe con la Secretar\u00eda de Turismo federal.<\/p>\n\n\n\n<p>Hern\u00e1ndez Rodr\u00edguez dej\u00f3 en claro la importancia de sumar esfuerzos para fortalecer la organizaci\u00f3n de eventos, programas y estrategias para que todo mundo conozca la oferta tur\u00edstica con la que cuenta el estado.<\/p>\n\n\n\n<p>\u201cTamaulipas es un estado con una gran riqueza natural, tenemos desde playas, historia, cultura, gastronom\u00eda, turismo de aventura, deportivo, religioso y mucho, mucho m\u00e1s\u201d, se\u00f1al\u00f3.<\/p>\n\n\n\n<p>Tambi\u00e9n destac\u00f3 que se preparan grandes eventos para el estado, como grandes eventos de congresos y foros que colocar\u00e1n al estado en el radar del turista nacional e internacional.<\/p>\n","protected":false},"excerpt":{"rendered":"<p>-Se fortalecer\u00e1 el turismo de una manera sustentable, inclusiva, diversificando los beneficios del sector Por: Agencias Ciudad de M\u00e9xico.- Para afinar detalles de los proyectos para el 2025, buscando mecanismos que permitan la sustentabilidad y la inclusi\u00f3n en el sector, el secretario de Turismo de Tamaulipas, Benjam\u00edn Hern\u00e1ndez Rodriguez sostuvo un encuentro con la secretaria &hellip;<\/p>\n","protected":false},"author":1,"featured_media":12617,"comment_status":"open","ping_status":"open","sticky":false,"template":"","format":"standard","meta":{"footnotes":""},"categories":[39],"tags":[],"class_list":["post-12616","post","type-post","status-publish","format-standard","has-post-thumbnail","","category-tamaulipas"],"_links":{"self":[{"href":"https:\/\/www.radiointeractivo.com.mx\/index.php?rest_route=\/wp\/v2\/posts\/12616","targetHints":{"allow":["GET"]}}],"collection":[{"href":"https:\/\/www.radiointeractivo.com.mx\/index.php?rest_route=\/wp\/v2\/posts"}],"about":[{"href":"https:\/\/www.radiointeractivo.com.mx\/index.php?rest_route=\/wp\/v2\/types\/post"}],"author":[{"embeddable":true,"href":"https:\/\/www.radiointeractivo.com.mx\/index.php?rest_route=\/wp\/v2\/users\/1"}],"replies":[{"embeddable":true,"href":"https:\/\/www.radiointeractivo.com.mx\/index.php?rest_route=%2Fwp%2Fv2%2Fcomments&post=12616"}],"version-history":[{"count":1,"href":"https:\/\/www.radiointeractivo.com.mx\/index.php?rest_route=\/wp\/v2\/posts\/12616\/revisions"}],"predecessor-version":[{"id":12618,"href":"https:\/\/www.radiointeractivo.com.mx\/index.php?rest_route=\/wp\/v2\/posts\/12616\/revisions\/12618"}],"wp:featuredmedia":[{"embeddable":true,"href":"https:\/\/www.radiointeractivo.com.mx\/index.php?rest_route=\/wp\/v2\/media\/12617"}],"wp:attachment":[{"href":"https:\/\/www.radiointeractivo.com.mx\/index.php?rest_route=%2Fwp%2Fv2%2Fmedia&parent=12616"}],"wp:term":[{"taxonomy":"category","embeddable":true,"href":"https:\/\/www.radiointeractivo.com.mx\/index.php?rest_route=%2Fwp%2Fv2%2Fcategories&post=12616"},{"taxonomy":"post_tag","embeddable":true,"href":"https:\/\/www.radiointeractivo.com.mx\/index.php?rest_route=%2Fwp%2Fv2%2Ftags&post=12616"}],"curies":[{"name":"wp","href":"https:\/\/api.w.org\/{rel}","templated":true}]}}