{"id":12598,"date":"2024-12-26T12:49:58","date_gmt":"2024-12-26T18:49:58","guid":{"rendered":"https:\/\/www.radiointeractivo.com.mx\/?p=12598"},"modified":"2024-12-26T12:49:59","modified_gmt":"2024-12-26T18:49:59","slug":"destaca-gobernador-baja-en-homicidios-dolosos-en-reunion-de-la-mesa-de-seguridad","status":"publish","type":"post","link":"https:\/\/www.radiointeractivo.com.mx\/?p=12598","title":{"rendered":"Destaca gobernador baja en homicidios dolosos en reuni\u00f3n de la Mesa de Seguridad"},"content":{"rendered":"\n<figure class=\"wp-block-image size-large\"><img loading=\"lazy\" decoding=\"async\" width=\"1024\" height=\"768\" src=\"https:\/\/www.radiointeractivo.com.mx\/wp-content\/uploads\/2024\/12\/WhatsApp-Image-2024-12-26-at-12.43.54-PM-1-1024x768.jpeg\" alt=\"\" class=\"wp-image-12600\" srcset=\"https:\/\/www.radiointeractivo.com.mx\/wp-content\/uploads\/2024\/12\/WhatsApp-Image-2024-12-26-at-12.43.54-PM-1-1024x768.jpeg 1024w, https:\/\/www.radiointeractivo.com.mx\/wp-content\/uploads\/2024\/12\/WhatsApp-Image-2024-12-26-at-12.43.54-PM-1-300x225.jpeg 300w, https:\/\/www.radiointeractivo.com.mx\/wp-content\/uploads\/2024\/12\/WhatsApp-Image-2024-12-26-at-12.43.54-PM-1-768x576.jpeg 768w, https:\/\/www.radiointeractivo.com.mx\/wp-content\/uploads\/2024\/12\/WhatsApp-Image-2024-12-26-at-12.43.54-PM-1-1536x1152.jpeg 1536w, https:\/\/www.radiointeractivo.com.mx\/wp-content\/uploads\/2024\/12\/WhatsApp-Image-2024-12-26-at-12.43.54-PM-1.jpeg 1600w\" sizes=\"auto, (max-width: 1024px) 100vw, 1024px\" \/><\/figure>\n\n\n\n<p>-Diciembre de 2024 es el mes con la cifra menor en ese rengl\u00f3n de delitos, en Tamaulipas, desde 2017<\/p>\n\n\n\n<p>Por: Agencias<\/p>\n\n\n\n<p>Ciudad Victoria, Tamaulipas. Al presidir este jueves la Mesa de Coordinaci\u00f3n para la Construcci\u00f3n de Paz, el gobernador Am\u00e9rico Villarreal Anaya recibi\u00f3 el informe de la Fiscal\u00eda General de Justicia de Tamaulipas, el cual destac\u00f3 que diciembre de 2024 es el mes con la cifra m\u00e1s baja de homicidios dolosos desde 2017.<\/p>\n\n\n\n<p>Este resultado refleja el trabajo constante que el mandatario estatal ha impulsado desde el inicio de su administraci\u00f3n, el 1 de octubre de 2022, consolid\u00e1ndose como el mandatario estatal con mayor participaci\u00f3n en las Mesas de Seguridad, con un porcentaje de asistencia del 96.1 %. Este compromiso le ha valido el reconocimiento de la federaci\u00f3n.<\/p>\n\n\n\n<p>Durante la sesi\u00f3n de este jueves, el gobernador exhort\u00f3 a las diversas corporaciones de seguridad a mantener su esfuerzo, evitar bajar la guardia y continuar trabajando por la paz y el orden en el territorio tamaulipeco.<\/p>\n","protected":false},"excerpt":{"rendered":"<p>-Diciembre de 2024 es el mes con la cifra menor en ese rengl\u00f3n de delitos, en Tamaulipas, desde 2017 Por: Agencias Ciudad Victoria, Tamaulipas. Al presidir este jueves la Mesa de Coordinaci\u00f3n para la Construcci\u00f3n de Paz, el gobernador Am\u00e9rico Villarreal Anaya recibi\u00f3 el informe de la Fiscal\u00eda General de Justicia de Tamaulipas, el cual &hellip;<\/p>\n","protected":false},"author":1,"featured_media":12599,"comment_status":"open","ping_status":"open","sticky":false,"template":"","format":"standard","meta":{"footnotes":""},"categories":[39],"tags":[],"class_list":["post-12598","post","type-post","status-publish","format-standard","has-post-thumbnail","","category-tamaulipas"],"_links":{"self":[{"href":"https:\/\/www.radiointeractivo.com.mx\/index.php?rest_route=\/wp\/v2\/posts\/12598","targetHints":{"allow":["GET"]}}],"collection":[{"href":"https:\/\/www.radiointeractivo.com.mx\/index.php?rest_route=\/wp\/v2\/posts"}],"about":[{"href":"https:\/\/www.radiointeractivo.com.mx\/index.php?rest_route=\/wp\/v2\/types\/post"}],"author":[{"embeddable":true,"href":"https:\/\/www.radiointeractivo.com.mx\/index.php?rest_route=\/wp\/v2\/users\/1"}],"replies":[{"embeddable":true,"href":"https:\/\/www.radiointeractivo.com.mx\/index.php?rest_route=%2Fwp%2Fv2%2Fcomments&post=12598"}],"version-history":[{"count":1,"href":"https:\/\/www.radiointeractivo.com.mx\/index.php?rest_route=\/wp\/v2\/posts\/12598\/revisions"}],"predecessor-version":[{"id":12601,"href":"https:\/\/www.radiointeractivo.com.mx\/index.php?rest_route=\/wp\/v2\/posts\/12598\/revisions\/12601"}],"wp:featuredmedia":[{"embeddable":true,"href":"https:\/\/www.radiointeractivo.com.mx\/index.php?rest_route=\/wp\/v2\/media\/12599"}],"wp:attachment":[{"href":"https:\/\/www.radiointeractivo.com.mx\/index.php?rest_route=%2Fwp%2Fv2%2Fmedia&parent=12598"}],"wp:term":[{"taxonomy":"category","embeddable":true,"href":"https:\/\/www.radiointeractivo.com.mx\/index.php?rest_route=%2Fwp%2Fv2%2Fcategories&post=12598"},{"taxonomy":"post_tag","embeddable":true,"href":"https:\/\/www.radiointeractivo.com.mx\/index.php?rest_route=%2Fwp%2Fv2%2Ftags&post=12598"}],"curies":[{"name":"wp","href":"https:\/\/api.w.org\/{rel}","templated":true}]}}