{"id":12562,"date":"2024-12-22T22:46:18","date_gmt":"2024-12-23T04:46:18","guid":{"rendered":"https:\/\/www.radiointeractivo.com.mx\/?p=12562"},"modified":"2024-12-22T22:46:19","modified_gmt":"2024-12-23T04:46:19","slug":"ilumina-pino-navideno-corazones-de-asistentes-al-parque-tamatan","status":"publish","type":"post","link":"https:\/\/www.radiointeractivo.com.mx\/?p=12562","title":{"rendered":"Ilumina pino navide\u00f1o corazones de asistentes al Parque Tamat\u00e1n"},"content":{"rendered":"\n<figure class=\"wp-block-image size-large\"><img loading=\"lazy\" decoding=\"async\" width=\"1024\" height=\"683\" src=\"https:\/\/www.radiointeractivo.com.mx\/wp-content\/uploads\/2024\/12\/WhatsApp-Image-2024-12-20-at-5.14.41-PM-1024x683.jpeg\" alt=\"\" class=\"wp-image-12563\" srcset=\"https:\/\/www.radiointeractivo.com.mx\/wp-content\/uploads\/2024\/12\/WhatsApp-Image-2024-12-20-at-5.14.41-PM-1024x683.jpeg 1024w, https:\/\/www.radiointeractivo.com.mx\/wp-content\/uploads\/2024\/12\/WhatsApp-Image-2024-12-20-at-5.14.41-PM-300x200.jpeg 300w, https:\/\/www.radiointeractivo.com.mx\/wp-content\/uploads\/2024\/12\/WhatsApp-Image-2024-12-20-at-5.14.41-PM-768x512.jpeg 768w, https:\/\/www.radiointeractivo.com.mx\/wp-content\/uploads\/2024\/12\/WhatsApp-Image-2024-12-20-at-5.14.41-PM.jpeg 1280w\" sizes=\"auto, (max-width: 1024px) 100vw, 1024px\" \/><\/figure>\n\n\n\n<p>Por: Agencias<\/p>\n\n\n\n<p>Ciudad Victoria, Tamaulipas. El esp\u00edritu navide\u00f1o lleg\u00f3 al Parque Tamat\u00e1n en Ciudad Victoria, donde cientos de familias se reunieron para disfrutar del tradicional encendido del pino navide\u00f1o, un evento que marc\u00f3 el inicio de las festividades decembrinas en este espacio capitalino.<\/p>\n\n\n\n<p>En medio de luces multicolores, pastorelas, bingo, trenecito y una atm\u00f3sfera llena de alegr\u00eda, las y los asistentes fueron testigos de un espect\u00e1culo visual que transform\u00f3 el parque en un escenario m\u00e1gico.<\/p>\n\n\n\n<p>Eduardo Rocha Orozco, vocal de la Comisi\u00f3n de Parques y Biodiversidad de Tamaulipas (CPBT), destac\u00f3 el trabajo realizado con cari\u00f1o por la familia Tamat\u00e1n para las y los visitantes de este espacio recreativo.<\/p>\n\n\n\n<p>El majestuoso pino, decorado con luces multicolores, se erige como el s\u00edmbolo de la Navidad en la ciudad, ofreciendo a las familias un espacio para disfrutar en armon\u00eda la magia navide\u00f1a.<\/p>\n\n\n\n<p>\u201cEste encendido no solo ilumina el parque, sino que tambi\u00e9n ilumina nuestros corazones. Esta Navidad es un recordatorio de la importancia de la uni\u00f3n familiar, la paz y la esperanza\u201d, expres\u00f3.<\/p>\n\n\n\n<p>Las y los asistentes tambi\u00e9n pudieron disfrutar de actividades recreativas, puestos de comida y un \u00e1rea especial para el cine.<\/p>\n\n\n\n<p>Cabe destacar que ser\u00e1 hasta el 5 de enero de 2025 cuando las familias podr\u00e1n disfrutar del espect\u00e1culo preparado por las mujeres y hombres de la familia Tamat\u00e1n.<\/p>\n","protected":false},"excerpt":{"rendered":"<p>Por: Agencias Ciudad Victoria, Tamaulipas. El esp\u00edritu navide\u00f1o lleg\u00f3 al Parque Tamat\u00e1n en Ciudad Victoria, donde cientos de familias se reunieron para disfrutar del tradicional encendido del pino navide\u00f1o, un evento que marc\u00f3 el inicio de las festividades decembrinas en este espacio capitalino. En medio de luces multicolores, pastorelas, bingo, trenecito y una atm\u00f3sfera llena &hellip;<\/p>\n","protected":false},"author":1,"featured_media":12563,"comment_status":"open","ping_status":"open","sticky":false,"template":"","format":"standard","meta":{"footnotes":""},"categories":[39],"tags":[],"class_list":["post-12562","post","type-post","status-publish","format-standard","has-post-thumbnail","","category-tamaulipas"],"_links":{"self":[{"href":"https:\/\/www.radiointeractivo.com.mx\/index.php?rest_route=\/wp\/v2\/posts\/12562","targetHints":{"allow":["GET"]}}],"collection":[{"href":"https:\/\/www.radiointeractivo.com.mx\/index.php?rest_route=\/wp\/v2\/posts"}],"about":[{"href":"https:\/\/www.radiointeractivo.com.mx\/index.php?rest_route=\/wp\/v2\/types\/post"}],"author":[{"embeddable":true,"href":"https:\/\/www.radiointeractivo.com.mx\/index.php?rest_route=\/wp\/v2\/users\/1"}],"replies":[{"embeddable":true,"href":"https:\/\/www.radiointeractivo.com.mx\/index.php?rest_route=%2Fwp%2Fv2%2Fcomments&post=12562"}],"version-history":[{"count":1,"href":"https:\/\/www.radiointeractivo.com.mx\/index.php?rest_route=\/wp\/v2\/posts\/12562\/revisions"}],"predecessor-version":[{"id":12564,"href":"https:\/\/www.radiointeractivo.com.mx\/index.php?rest_route=\/wp\/v2\/posts\/12562\/revisions\/12564"}],"wp:featuredmedia":[{"embeddable":true,"href":"https:\/\/www.radiointeractivo.com.mx\/index.php?rest_route=\/wp\/v2\/media\/12563"}],"wp:attachment":[{"href":"https:\/\/www.radiointeractivo.com.mx\/index.php?rest_route=%2Fwp%2Fv2%2Fmedia&parent=12562"}],"wp:term":[{"taxonomy":"category","embeddable":true,"href":"https:\/\/www.radiointeractivo.com.mx\/index.php?rest_route=%2Fwp%2Fv2%2Fcategories&post=12562"},{"taxonomy":"post_tag","embeddable":true,"href":"https:\/\/www.radiointeractivo.com.mx\/index.php?rest_route=%2Fwp%2Fv2%2Ftags&post=12562"}],"curies":[{"name":"wp","href":"https:\/\/api.w.org\/{rel}","templated":true}]}}