{"id":12461,"date":"2024-12-17T23:10:04","date_gmt":"2024-12-18T05:10:04","guid":{"rendered":"https:\/\/www.radiointeractivo.com.mx\/?p=12461"},"modified":"2024-12-17T23:10:05","modified_gmt":"2024-12-18T05:10:05","slug":"presenta-ninfa-cantu-estrategia-transformando-mi-negocio","status":"publish","type":"post","link":"https:\/\/www.radiointeractivo.com.mx\/?p=12461","title":{"rendered":"Presenta Ninfa Cant\u00fa estrategia &#8220;Transformando mi negocio&#8221;"},"content":{"rendered":"\n<figure class=\"wp-block-image size-large\"><img loading=\"lazy\" decoding=\"async\" width=\"1024\" height=\"682\" src=\"https:\/\/www.radiointeractivo.com.mx\/wp-content\/uploads\/2024\/12\/WhatsApp-Image-2024-12-17-at-5.05.09-PM-1024x682.jpeg\" alt=\"\" class=\"wp-image-12462\" srcset=\"https:\/\/www.radiointeractivo.com.mx\/wp-content\/uploads\/2024\/12\/WhatsApp-Image-2024-12-17-at-5.05.09-PM-1024x682.jpeg 1024w, https:\/\/www.radiointeractivo.com.mx\/wp-content\/uploads\/2024\/12\/WhatsApp-Image-2024-12-17-at-5.05.09-PM-300x200.jpeg 300w, https:\/\/www.radiointeractivo.com.mx\/wp-content\/uploads\/2024\/12\/WhatsApp-Image-2024-12-17-at-5.05.09-PM-768x512.jpeg 768w, https:\/\/www.radiointeractivo.com.mx\/wp-content\/uploads\/2024\/12\/WhatsApp-Image-2024-12-17-at-5.05.09-PM-1536x1023.jpeg 1536w, https:\/\/www.radiointeractivo.com.mx\/wp-content\/uploads\/2024\/12\/WhatsApp-Image-2024-12-17-at-5.05.09-PM-310x205.jpeg 310w, https:\/\/www.radiointeractivo.com.mx\/wp-content\/uploads\/2024\/12\/WhatsApp-Image-2024-12-17-at-5.05.09-PM.jpeg 1600w\" sizes=\"auto, (max-width: 1024px) 100vw, 1024px\" \/><\/figure>\n\n\n\n<p>-Beneficiar\u00e1 a MIPyMEs de los 18 municipios con menos poblaci\u00f3n, con financiamiento del Fondo Tamaulipas a tasa preferencial y asesor\u00eda del programa Hecho en Tamaulipas<\/p>\n\n\n\n<p>Por: Agencias<\/p>\n\n\n\n<p>Ciudad Victoria, Tamaulipas.- La secretaria de Econom\u00eda Ninfa Cant\u00fa De\u00e1ndar dio a conocer la estrategia &#8220;Transformando mi negocio&#8221; que contempla cr\u00e9ditos a una tasa del 6% la m\u00e1s baja otorgada por el Fondo Tamaulipas para las micro, peque\u00f1as y medianas empresas de los 18 municipios con menor poblaci\u00f3n en el estado.<\/p>\n\n\n\n<p>El anuncio fue hecho ante alcaldes, secretarios municipales de Desarrollo Econ\u00f3mico y representantes de Abasolo, Antiguo Morelos, Burgos, Bustamante, Casas, Cruillas, G\u00f3mez Far\u00edas, Guerrero, Jim\u00e9nez, Mainero, M\u00e9ndez, Mier, Miquihuana, Nuevo Morelos, Palmillas, San Carlos, San Nicol\u00e1s y Villagr\u00e1n.<\/p>\n\n\n\n<p>&#8220;La pol\u00edtica p\u00fablica del gobernador Am\u00e9rico Villarreal es darle prioridad a las personas y atender a todos los sectores, en especial a los m\u00e1s vulnerables. Es por eso que este cr\u00e9dito \u2018Transformando mi negocio\u2019 llega a municipios con menor n\u00famero de habitantes, con una tasa especial nunca antes otorgada del 6 % anual, lo que habla del compromiso del gobernador con las familias tamaulipecas&#8221; indic\u00f3.<\/p>\n\n\n\n<p>El financiamiento contempla montos de hasta 20 mil pesos, a una tasa anual de 6% en plazos de hasta 18 meses.<\/p>\n\n\n\n<p>En el encuentro se pusieron a disposici\u00f3n de las y los presidentes municipales, los diferentes instrumentos de fomento de la Secretaria de Econom\u00eda como el ecosistema de apoyo y asistencia a las MiPymes que es Hecho en Tamaulipas, y los esquemas de acompa\u00f1amiento para impulsar la econom\u00eda social con proyectos colaborativos como la cooperativas del bienestar.<\/p>\n\n\n\n<p>Cant\u00fa De\u00e1ndar convoc\u00f3 a las autoridades municipales a sumar esfuerzos, alinear estrategias y trabajar en equipo para fortalecer el tejido empresarial del estado, generando m\u00e1s y mejores oportunidades.<\/p>\n\n\n\n<p>Por parte de la secretaria de Econom\u00eda, participaron Sandra Mej\u00eda, directora General del Fondo Tamaulipas y Mariana \u00c1lvarez subsecretaria para las Peque\u00f1as y Medianas Empresas, junto con sus respectivos equipos de trabajo.<\/p>\n","protected":false},"excerpt":{"rendered":"<p>-Beneficiar\u00e1 a MIPyMEs de los 18 municipios con menos poblaci\u00f3n, con financiamiento del Fondo Tamaulipas a tasa preferencial y asesor\u00eda del programa Hecho en Tamaulipas Por: Agencias Ciudad Victoria, Tamaulipas.- La secretaria de Econom\u00eda Ninfa Cant\u00fa De\u00e1ndar dio a conocer la estrategia &#8220;Transformando mi negocio&#8221; que contempla cr\u00e9ditos a una tasa del 6% la m\u00e1s &hellip;<\/p>\n","protected":false},"author":1,"featured_media":12462,"comment_status":"open","ping_status":"open","sticky":false,"template":"","format":"standard","meta":{"footnotes":""},"categories":[39],"tags":[],"class_list":["post-12461","post","type-post","status-publish","format-standard","has-post-thumbnail","","category-tamaulipas"],"_links":{"self":[{"href":"https:\/\/www.radiointeractivo.com.mx\/index.php?rest_route=\/wp\/v2\/posts\/12461","targetHints":{"allow":["GET"]}}],"collection":[{"href":"https:\/\/www.radiointeractivo.com.mx\/index.php?rest_route=\/wp\/v2\/posts"}],"about":[{"href":"https:\/\/www.radiointeractivo.com.mx\/index.php?rest_route=\/wp\/v2\/types\/post"}],"author":[{"embeddable":true,"href":"https:\/\/www.radiointeractivo.com.mx\/index.php?rest_route=\/wp\/v2\/users\/1"}],"replies":[{"embeddable":true,"href":"https:\/\/www.radiointeractivo.com.mx\/index.php?rest_route=%2Fwp%2Fv2%2Fcomments&post=12461"}],"version-history":[{"count":1,"href":"https:\/\/www.radiointeractivo.com.mx\/index.php?rest_route=\/wp\/v2\/posts\/12461\/revisions"}],"predecessor-version":[{"id":12463,"href":"https:\/\/www.radiointeractivo.com.mx\/index.php?rest_route=\/wp\/v2\/posts\/12461\/revisions\/12463"}],"wp:featuredmedia":[{"embeddable":true,"href":"https:\/\/www.radiointeractivo.com.mx\/index.php?rest_route=\/wp\/v2\/media\/12462"}],"wp:attachment":[{"href":"https:\/\/www.radiointeractivo.com.mx\/index.php?rest_route=%2Fwp%2Fv2%2Fmedia&parent=12461"}],"wp:term":[{"taxonomy":"category","embeddable":true,"href":"https:\/\/www.radiointeractivo.com.mx\/index.php?rest_route=%2Fwp%2Fv2%2Fcategories&post=12461"},{"taxonomy":"post_tag","embeddable":true,"href":"https:\/\/www.radiointeractivo.com.mx\/index.php?rest_route=%2Fwp%2Fv2%2Ftags&post=12461"}],"curies":[{"name":"wp","href":"https:\/\/api.w.org\/{rel}","templated":true}]}}