{"id":12454,"date":"2024-12-17T23:04:52","date_gmt":"2024-12-18T05:04:52","guid":{"rendered":"https:\/\/www.radiointeractivo.com.mx\/?p=12454"},"modified":"2024-12-17T23:04:53","modified_gmt":"2024-12-18T05:04:53","slug":"cumple-gobierno-del-estado-con-los-productores-agricolas-de-tamaulipas","status":"publish","type":"post","link":"https:\/\/www.radiointeractivo.com.mx\/?p=12454","title":{"rendered":"Cumple Gobierno del Estado con los productores agr\u00edcolas de Tamaulipas"},"content":{"rendered":"\n<figure class=\"wp-block-image size-large\"><img loading=\"lazy\" decoding=\"async\" width=\"1024\" height=\"682\" src=\"https:\/\/www.radiointeractivo.com.mx\/wp-content\/uploads\/2024\/12\/WhatsApp-Image-2024-12-17-at-6.32.41-PM-1024x682.jpeg\" alt=\"\" class=\"wp-image-12455\" srcset=\"https:\/\/www.radiointeractivo.com.mx\/wp-content\/uploads\/2024\/12\/WhatsApp-Image-2024-12-17-at-6.32.41-PM-1024x682.jpeg 1024w, https:\/\/www.radiointeractivo.com.mx\/wp-content\/uploads\/2024\/12\/WhatsApp-Image-2024-12-17-at-6.32.41-PM-300x200.jpeg 300w, https:\/\/www.radiointeractivo.com.mx\/wp-content\/uploads\/2024\/12\/WhatsApp-Image-2024-12-17-at-6.32.41-PM-768x512.jpeg 768w, https:\/\/www.radiointeractivo.com.mx\/wp-content\/uploads\/2024\/12\/WhatsApp-Image-2024-12-17-at-6.32.41-PM-310x205.jpeg 310w, https:\/\/www.radiointeractivo.com.mx\/wp-content\/uploads\/2024\/12\/WhatsApp-Image-2024-12-17-at-6.32.41-PM.jpeg 1280w\" sizes=\"auto, (max-width: 1024px) 100vw, 1024px\" \/><\/figure>\n\n\n\n<p>Por: Agencias<\/p>\n\n\n\n<p>Ciudad Victoria, Tamaulipas.- Para cumplir con los productores agr\u00edcolas de la zona norte de Tamaulipas, el Gobierno de Am\u00e9rico Villarreal Anaya entreg\u00f3 apoyos correspondientes al Programa Atenci\u00f3n de Situaciones de Contingencia o Eventualidades en el Sector Rural 2024.<\/p>\n\n\n\n<p>Al respecto, el secretario de Desarrollo Rural, Pesca y Acuacultura, Antonio Varela Flores, puntualiz\u00f3 que este apoyo extraordinario lleg\u00f3 en un cien por ciento a los productores elegibles.<\/p>\n\n\n\n<p>\u201cEste apoyo extraordinario se dio en el marco de un extenso an\u00e1lisis, resultado de las continuas reuniones del gobierno de Tamaulipas con los productores\u201d, coment\u00f3 Antonio Varela.<\/p>\n\n\n\n<p>&#8220;El Gobierno del Estado respeta el derecho a manifestarse, sin embargo, nuestro compromiso con el pueblo de Tamaulipas es el de generar alternativas para el desarrollo del sector agroalimentario, reafirmando el constante di\u00e1logo como una v\u00eda para encontrar soluciones a las problem\u00e1ticas de este importante sector&#8221;, a\u00f1adi\u00f3.<\/p>\n\n\n\n<p>Varela Flores reiter\u00f3 que el gobernador cumpli\u00f3 a cabalidad sus compromisos con los productores agr\u00edcolas, pensando siempre en llevar desarrollo y beneficios al sector primario.<\/p>\n","protected":false},"excerpt":{"rendered":"<p>Por: Agencias Ciudad Victoria, Tamaulipas.- Para cumplir con los productores agr\u00edcolas de la zona norte de Tamaulipas, el Gobierno de Am\u00e9rico Villarreal Anaya entreg\u00f3 apoyos correspondientes al Programa Atenci\u00f3n de Situaciones de Contingencia o Eventualidades en el Sector Rural 2024. Al respecto, el secretario de Desarrollo Rural, Pesca y Acuacultura, Antonio Varela Flores, puntualiz\u00f3 que &hellip;<\/p>\n","protected":false},"author":1,"featured_media":12455,"comment_status":"open","ping_status":"open","sticky":false,"template":"","format":"standard","meta":{"footnotes":""},"categories":[39],"tags":[],"class_list":["post-12454","post","type-post","status-publish","format-standard","has-post-thumbnail","","category-tamaulipas"],"_links":{"self":[{"href":"https:\/\/www.radiointeractivo.com.mx\/index.php?rest_route=\/wp\/v2\/posts\/12454","targetHints":{"allow":["GET"]}}],"collection":[{"href":"https:\/\/www.radiointeractivo.com.mx\/index.php?rest_route=\/wp\/v2\/posts"}],"about":[{"href":"https:\/\/www.radiointeractivo.com.mx\/index.php?rest_route=\/wp\/v2\/types\/post"}],"author":[{"embeddable":true,"href":"https:\/\/www.radiointeractivo.com.mx\/index.php?rest_route=\/wp\/v2\/users\/1"}],"replies":[{"embeddable":true,"href":"https:\/\/www.radiointeractivo.com.mx\/index.php?rest_route=%2Fwp%2Fv2%2Fcomments&post=12454"}],"version-history":[{"count":1,"href":"https:\/\/www.radiointeractivo.com.mx\/index.php?rest_route=\/wp\/v2\/posts\/12454\/revisions"}],"predecessor-version":[{"id":12456,"href":"https:\/\/www.radiointeractivo.com.mx\/index.php?rest_route=\/wp\/v2\/posts\/12454\/revisions\/12456"}],"wp:featuredmedia":[{"embeddable":true,"href":"https:\/\/www.radiointeractivo.com.mx\/index.php?rest_route=\/wp\/v2\/media\/12455"}],"wp:attachment":[{"href":"https:\/\/www.radiointeractivo.com.mx\/index.php?rest_route=%2Fwp%2Fv2%2Fmedia&parent=12454"}],"wp:term":[{"taxonomy":"category","embeddable":true,"href":"https:\/\/www.radiointeractivo.com.mx\/index.php?rest_route=%2Fwp%2Fv2%2Fcategories&post=12454"},{"taxonomy":"post_tag","embeddable":true,"href":"https:\/\/www.radiointeractivo.com.mx\/index.php?rest_route=%2Fwp%2Fv2%2Ftags&post=12454"}],"curies":[{"name":"wp","href":"https:\/\/api.w.org\/{rel}","templated":true}]}}