{"id":1240,"date":"2023-09-01T21:47:29","date_gmt":"2023-09-01T21:47:29","guid":{"rendered":"https:\/\/www.radiointeractivo.com.mx\/?p=1240"},"modified":"2023-09-01T21:47:30","modified_gmt":"2023-09-01T21:47:30","slug":"invita-tamaulipas-a-expo-caza-y-pesca-2023","status":"publish","type":"post","link":"https:\/\/www.radiointeractivo.com.mx\/?p=1240","title":{"rendered":"Invita Tamaulipas a &#8220;Expo Caza y Pesca 2023&#8221;"},"content":{"rendered":"\n<p>-Es la primera edici\u00f3n que se llevar\u00e1 a cabo el s\u00e1bado 26 de agosto en el Polyformun de Ciudad Victoria<\/p>\n\n\n\n<p>Por: Agencia<\/p>\n\n\n\n<p>Ciudad Victoria, Tamaulipas. &#8211; Dando un paso clave para promover el turismo cineg\u00e9tico y de pesca, actividades que hist\u00f3ricamente han sido fundamentales para la econom\u00eda y la identidad de Tamaulipas, el s\u00e1bado 26 de agosto se llevar\u00e1 a cabo la primera edici\u00f3n de la &#8220;Expo Caza y Pesca 2023&#8221;, evento que se desarrollar\u00e1 en el Polyformun de Ciudad Victoria de las 10:00 a las 19:00 horas.<\/p>\n\n\n\n<p>El vocal ejecutivo de la Comisi\u00f3n de Caza y Pesca Deportiva de Tamaulipas, Luis Eduardo Garc\u00eda Reyes, inform\u00f3 que se contar\u00e1 con foros de expositores, lo que permitir\u00e1 a los asistentes, conocer m\u00e1s sobre este tipo de actividad deportiva que se desarrolla en la entidad. Anunci\u00f3 que tambi\u00e9n se realizar\u00e1 la premiaci\u00f3n de torneos de la temporada 2022-2023 de venado y guajolote.<\/p>\n\n\n\n<p>A\u00f1adi\u00f3 que la entrada a la expo ser\u00e1 gratuita, permitiendo que todos los aficionados a la caza y la pesca puedan disfrutar de este evento \u00fanico en su tipo, adem\u00e1s de ser un escenario para la promoci\u00f3n de este tipo de actividades deportivas que contribuyen al turismo y a la conservaci\u00f3n de la naturaleza, como ha sido la instrucci\u00f3n del gobernador, Am\u00e9rico Villarreal Anaya.<\/p>\n\n\n\n<p>Garc\u00eda Reyes resalt\u00f3 que Tamaulipas es l\u00edder nacional en turismo cineg\u00e9tico, al contar con ranchos especializados en la regi\u00f3n, que ofrecen a los cazadores nacionales e internacionales, la oportunidad de encontrar especies de pelo o pluma, por lo que se continuar\u00e1 impulsado este tipo de actividades para atraer a m\u00e1s visitantes.<\/p>\n","protected":false},"excerpt":{"rendered":"<p>-Es la primera edici\u00f3n que se llevar\u00e1 a cabo el s\u00e1bado 26 de agosto en el Polyformun de Ciudad Victoria Por: Agencia Ciudad Victoria, Tamaulipas. &#8211; Dando un paso clave para promover el turismo cineg\u00e9tico y de pesca, actividades que hist\u00f3ricamente han sido fundamentales para la econom\u00eda y la identidad de Tamaulipas, el s\u00e1bado 26 &hellip;<\/p>\n","protected":false},"author":1,"featured_media":1241,"comment_status":"open","ping_status":"open","sticky":false,"template":"","format":"standard","meta":{"footnotes":""},"categories":[39],"tags":[],"class_list":["post-1240","post","type-post","status-publish","format-standard","has-post-thumbnail","","category-tamaulipas"],"_links":{"self":[{"href":"https:\/\/www.radiointeractivo.com.mx\/index.php?rest_route=\/wp\/v2\/posts\/1240","targetHints":{"allow":["GET"]}}],"collection":[{"href":"https:\/\/www.radiointeractivo.com.mx\/index.php?rest_route=\/wp\/v2\/posts"}],"about":[{"href":"https:\/\/www.radiointeractivo.com.mx\/index.php?rest_route=\/wp\/v2\/types\/post"}],"author":[{"embeddable":true,"href":"https:\/\/www.radiointeractivo.com.mx\/index.php?rest_route=\/wp\/v2\/users\/1"}],"replies":[{"embeddable":true,"href":"https:\/\/www.radiointeractivo.com.mx\/index.php?rest_route=%2Fwp%2Fv2%2Fcomments&post=1240"}],"version-history":[{"count":1,"href":"https:\/\/www.radiointeractivo.com.mx\/index.php?rest_route=\/wp\/v2\/posts\/1240\/revisions"}],"predecessor-version":[{"id":1242,"href":"https:\/\/www.radiointeractivo.com.mx\/index.php?rest_route=\/wp\/v2\/posts\/1240\/revisions\/1242"}],"wp:featuredmedia":[{"embeddable":true,"href":"https:\/\/www.radiointeractivo.com.mx\/index.php?rest_route=\/wp\/v2\/media\/1241"}],"wp:attachment":[{"href":"https:\/\/www.radiointeractivo.com.mx\/index.php?rest_route=%2Fwp%2Fv2%2Fmedia&parent=1240"}],"wp:term":[{"taxonomy":"category","embeddable":true,"href":"https:\/\/www.radiointeractivo.com.mx\/index.php?rest_route=%2Fwp%2Fv2%2Fcategories&post=1240"},{"taxonomy":"post_tag","embeddable":true,"href":"https:\/\/www.radiointeractivo.com.mx\/index.php?rest_route=%2Fwp%2Fv2%2Ftags&post=1240"}],"curies":[{"name":"wp","href":"https:\/\/api.w.org\/{rel}","templated":true}]}}