{"id":1237,"date":"2023-09-01T21:46:24","date_gmt":"2023-09-01T21:46:24","guid":{"rendered":"https:\/\/www.radiointeractivo.com.mx\/?p=1237"},"modified":"2023-09-01T21:46:25","modified_gmt":"2023-09-01T21:46:25","slug":"realiza-dif-tamaulipas-campamento-de-verano-cedif","status":"publish","type":"post","link":"https:\/\/www.radiointeractivo.com.mx\/?p=1237","title":{"rendered":"Realiza DIF Tamaulipas campamento de verano CEDIF"},"content":{"rendered":"\n<p>-Participan casi 100 alumnos en seis talleres de capacitaci\u00f3n, con tem\u00e1ticas diferentes<\/p>\n\n\n\n<p>Por: Agencias<\/p>\n\n\n\n<p>Ciudad Victoria, Tamaulipas.- Para desarrollar nuevos aprendizajes, experimentar la creatividad y estimular la imaginaci\u00f3n de ni\u00f1as y ni\u00f1os de entre 6 y 12 a\u00f1os de edad, el Sistema DIF Tamaulipas que preside la doctora Mar\u00eda Santiago de Villarreal, llev\u00f3 a cabo un campamento de verano en las instalaciones del Centro de Desarrollo Integral de la Familia (CEDIF), Clarita Nava de Ulibarri.<\/p>\n\n\n\n<p>En esta ocasi\u00f3n, participaron casi 100 menores en los talleres de belleza, corte y confecci\u00f3n, cocina, auxiliar de enfermer\u00eda, manualidades y karate.<\/p>\n\n\n\n<p>Estos talleres se complementaron con actividades de yoga, pintura y pl\u00e1ticas motivacionales e informativas.<\/p>\n\n\n\n<p>Geancarlo Bonetta Cavazos director general del DIF Tamaulipas, inform\u00f3 que de esta manera se logr\u00f3 proporcionar esparcimiento y capacitaci\u00f3n en diferentes temas a las ni\u00f1as y ni\u00f1os, que a\u00fan disfrutan de su per\u00edodo vacacional y cuyo aprendizaje, fortalece los lazos de bienestar en cada una de sus familias, todo esto encaminado a lograr un Tamaulipas m\u00e1s humano, tal y como lo ha establecido el gobierno del doctor Am\u00e9rico Villarreal Anaya.<\/p>\n","protected":false},"excerpt":{"rendered":"<p>-Participan casi 100 alumnos en seis talleres de capacitaci\u00f3n, con tem\u00e1ticas diferentes Por: Agencias Ciudad Victoria, Tamaulipas.- Para desarrollar nuevos aprendizajes, experimentar la creatividad y estimular la imaginaci\u00f3n de ni\u00f1as y ni\u00f1os de entre 6 y 12 a\u00f1os de edad, el Sistema DIF Tamaulipas que preside la doctora Mar\u00eda Santiago de Villarreal, llev\u00f3 a cabo &hellip;<\/p>\n","protected":false},"author":1,"featured_media":1238,"comment_status":"open","ping_status":"open","sticky":false,"template":"","format":"standard","meta":{"footnotes":""},"categories":[39],"tags":[],"class_list":["post-1237","post","type-post","status-publish","format-standard","has-post-thumbnail","","category-tamaulipas"],"_links":{"self":[{"href":"https:\/\/www.radiointeractivo.com.mx\/index.php?rest_route=\/wp\/v2\/posts\/1237","targetHints":{"allow":["GET"]}}],"collection":[{"href":"https:\/\/www.radiointeractivo.com.mx\/index.php?rest_route=\/wp\/v2\/posts"}],"about":[{"href":"https:\/\/www.radiointeractivo.com.mx\/index.php?rest_route=\/wp\/v2\/types\/post"}],"author":[{"embeddable":true,"href":"https:\/\/www.radiointeractivo.com.mx\/index.php?rest_route=\/wp\/v2\/users\/1"}],"replies":[{"embeddable":true,"href":"https:\/\/www.radiointeractivo.com.mx\/index.php?rest_route=%2Fwp%2Fv2%2Fcomments&post=1237"}],"version-history":[{"count":1,"href":"https:\/\/www.radiointeractivo.com.mx\/index.php?rest_route=\/wp\/v2\/posts\/1237\/revisions"}],"predecessor-version":[{"id":1239,"href":"https:\/\/www.radiointeractivo.com.mx\/index.php?rest_route=\/wp\/v2\/posts\/1237\/revisions\/1239"}],"wp:featuredmedia":[{"embeddable":true,"href":"https:\/\/www.radiointeractivo.com.mx\/index.php?rest_route=\/wp\/v2\/media\/1238"}],"wp:attachment":[{"href":"https:\/\/www.radiointeractivo.com.mx\/index.php?rest_route=%2Fwp%2Fv2%2Fmedia&parent=1237"}],"wp:term":[{"taxonomy":"category","embeddable":true,"href":"https:\/\/www.radiointeractivo.com.mx\/index.php?rest_route=%2Fwp%2Fv2%2Fcategories&post=1237"},{"taxonomy":"post_tag","embeddable":true,"href":"https:\/\/www.radiointeractivo.com.mx\/index.php?rest_route=%2Fwp%2Fv2%2Ftags&post=1237"}],"curies":[{"name":"wp","href":"https:\/\/api.w.org\/{rel}","templated":true}]}}