{"id":12367,"date":"2024-12-15T17:34:55","date_gmt":"2024-12-15T23:34:55","guid":{"rendered":"https:\/\/www.radiointeractivo.com.mx\/?p=12367"},"modified":"2024-12-15T17:34:56","modified_gmt":"2024-12-15T23:34:56","slug":"instala-secretaria-de-turismo-un-buzon-para-depositar-carta-a-santa","status":"publish","type":"post","link":"https:\/\/www.radiointeractivo.com.mx\/?p=12367","title":{"rendered":"Instala Secretar\u00eda de Turismo un buz\u00f3n para depositar carta a Santa"},"content":{"rendered":"\n<figure class=\"wp-block-image size-large\"><img loading=\"lazy\" decoding=\"async\" width=\"1024\" height=\"773\" src=\"https:\/\/www.radiointeractivo.com.mx\/wp-content\/uploads\/2024\/12\/WhatsApp-Image-2024-12-14-at-4.56.41-PM-1024x773.jpeg\" alt=\"\" class=\"wp-image-12368\" srcset=\"https:\/\/www.radiointeractivo.com.mx\/wp-content\/uploads\/2024\/12\/WhatsApp-Image-2024-12-14-at-4.56.41-PM-1024x773.jpeg 1024w, https:\/\/www.radiointeractivo.com.mx\/wp-content\/uploads\/2024\/12\/WhatsApp-Image-2024-12-14-at-4.56.41-PM-300x227.jpeg 300w, https:\/\/www.radiointeractivo.com.mx\/wp-content\/uploads\/2024\/12\/WhatsApp-Image-2024-12-14-at-4.56.41-PM-768x580.jpeg 768w, https:\/\/www.radiointeractivo.com.mx\/wp-content\/uploads\/2024\/12\/WhatsApp-Image-2024-12-14-at-4.56.41-PM.jpeg 1200w\" sizes=\"auto, (max-width: 1024px) 100vw, 1024px\" \/><\/figure>\n\n\n\n<p>-Dentro del bazar navide\u00f1o del DIF, &#8220;Un DIFciembre para Recordar&#8221;, que se realiza en el Polyforum<\/p>\n\n\n\n<p>Por: Agencias<\/p>\n\n\n\n<p>Ciudad Victoria, Tamaulipas. Para facilitar que las ni\u00f1as y ni\u00f1os env\u00eden su carta a Santa, la Secretar\u00eda de Turismo de Tamaulipas coloc\u00f3 un buz\u00f3n dentro del tercer bazar navide\u00f1o &#8220;Un DIFciembre para Recordar&#8221;, que se realiza en el Polyforum de la capital del estado.<\/p>\n\n\n\n<p>Benjam\u00edn Hern\u00e1ndez Rodr\u00edguez, titular de la dependencia, destac\u00f3 la importancia de las acciones de la presidenta del DIF Tamaulipas, Mar\u00eda Santiago de Villarreal, siempre pensando y contribuyendo al bienestar social.<\/p>\n\n\n\n<p>\u201cBajo esta l\u00ednea de trabajo, instalamos un stand especial para que las ni\u00f1as y ni\u00f1os puedan escribir y depositar sus cartas a Santa dentro del bazar\u201d, indic\u00f3.<\/p>\n\n\n\n<p>Por ello, invit\u00f3 a los padres y madres de familia a que traigan a sus ni\u00f1as y ni\u00f1os a vivir la magia de la Navidad en el stand de la Secretar\u00eda de Turismo.<\/p>\n\n\n\n<p>Al mismo tiempo, podr\u00e1n apoyar a los expositores y expositoras participantes en el bazar navide\u00f1o del DIF, &#8220;Un DIFciembre para Recordar&#8221;, quienes exhiben una gran variedad de productos navide\u00f1os y de uso diario.<\/p>\n\n\n\n<p>Destac\u00f3 que estas son acciones de gran apoyo al DIF Tamaulipas, una noble instituci\u00f3n que brinda asistencia social a miles de familias en los 43 municipios del estado, concluy\u00f3.<\/p>\n","protected":false},"excerpt":{"rendered":"<p>-Dentro del bazar navide\u00f1o del DIF, &#8220;Un DIFciembre para Recordar&#8221;, que se realiza en el Polyforum Por: Agencias Ciudad Victoria, Tamaulipas. Para facilitar que las ni\u00f1as y ni\u00f1os env\u00eden su carta a Santa, la Secretar\u00eda de Turismo de Tamaulipas coloc\u00f3 un buz\u00f3n dentro del tercer bazar navide\u00f1o &#8220;Un DIFciembre para Recordar&#8221;, que se realiza en &hellip;<\/p>\n","protected":false},"author":1,"featured_media":12368,"comment_status":"open","ping_status":"open","sticky":false,"template":"","format":"standard","meta":{"footnotes":""},"categories":[39],"tags":[],"class_list":["post-12367","post","type-post","status-publish","format-standard","has-post-thumbnail","","category-tamaulipas"],"_links":{"self":[{"href":"https:\/\/www.radiointeractivo.com.mx\/index.php?rest_route=\/wp\/v2\/posts\/12367","targetHints":{"allow":["GET"]}}],"collection":[{"href":"https:\/\/www.radiointeractivo.com.mx\/index.php?rest_route=\/wp\/v2\/posts"}],"about":[{"href":"https:\/\/www.radiointeractivo.com.mx\/index.php?rest_route=\/wp\/v2\/types\/post"}],"author":[{"embeddable":true,"href":"https:\/\/www.radiointeractivo.com.mx\/index.php?rest_route=\/wp\/v2\/users\/1"}],"replies":[{"embeddable":true,"href":"https:\/\/www.radiointeractivo.com.mx\/index.php?rest_route=%2Fwp%2Fv2%2Fcomments&post=12367"}],"version-history":[{"count":1,"href":"https:\/\/www.radiointeractivo.com.mx\/index.php?rest_route=\/wp\/v2\/posts\/12367\/revisions"}],"predecessor-version":[{"id":12369,"href":"https:\/\/www.radiointeractivo.com.mx\/index.php?rest_route=\/wp\/v2\/posts\/12367\/revisions\/12369"}],"wp:featuredmedia":[{"embeddable":true,"href":"https:\/\/www.radiointeractivo.com.mx\/index.php?rest_route=\/wp\/v2\/media\/12368"}],"wp:attachment":[{"href":"https:\/\/www.radiointeractivo.com.mx\/index.php?rest_route=%2Fwp%2Fv2%2Fmedia&parent=12367"}],"wp:term":[{"taxonomy":"category","embeddable":true,"href":"https:\/\/www.radiointeractivo.com.mx\/index.php?rest_route=%2Fwp%2Fv2%2Fcategories&post=12367"},{"taxonomy":"post_tag","embeddable":true,"href":"https:\/\/www.radiointeractivo.com.mx\/index.php?rest_route=%2Fwp%2Fv2%2Ftags&post=12367"}],"curies":[{"name":"wp","href":"https:\/\/api.w.org\/{rel}","templated":true}]}}