{"id":1234,"date":"2023-09-01T21:45:27","date_gmt":"2023-09-01T21:45:27","guid":{"rendered":"https:\/\/www.radiointeractivo.com.mx\/?p=1234"},"modified":"2023-09-01T21:45:28","modified_gmt":"2023-09-01T21:45:28","slug":"para-el-gobierno-de-americo-villarreal-anaya-la-juventud-es-parte-esencial-de-la-vida-publica-de-tamaulipas-stps","status":"publish","type":"post","link":"https:\/\/www.radiointeractivo.com.mx\/?p=1234","title":{"rendered":"Para el gobierno de Am\u00e9rico Villarreal Anaya, la juventud es parte esencial de la vida p\u00fablica de Tamaulipas: STPS"},"content":{"rendered":"\n<p>-En Reynosa, con Joven Fest conmemoramos el D\u00eda Internacional de la Juventud: Olga Sosa Ru\u00edz<\/p>\n\n\n\n<p>Por: Agencias<\/p>\n\n\n\n<p>Reynosa.- La Secretar\u00eda del Trabajo del gobierno de Am\u00e9rico Villarreal Anaya, a trav\u00e9s del INJUVE que dirige Katalyna M\u00e9ndez, conmemor\u00f3 en Reynosa el D\u00eda Internacional de la Juventud reconociendo a m\u00e1s de un mill\u00f3n de tamaulipecas y tamaulipecos menores de 29 a\u00f1os, que buscan con alegr\u00eda vivir el presente, estudiar y trabajar, para lograr un mejor futuro.<\/p>\n\n\n\n<p>Olga Sosa Ru\u00edz titular de la dependencia estatal, destac\u00f3 en el Joven Fest, que atr\u00e1s qued\u00f3 la visi\u00f3n de desorientaci\u00f3n, indiferencia y maltrato, y hoy, con el humanismo mexicano del presidente de la Rep\u00fablica, Andr\u00e9s Manuel L\u00f3pez Obrador y del gobierno de Am\u00e9rico Villarreal Anaya, la juventud es parte esencial en la vida p\u00fablica de Tamaulipas.<\/p>\n\n\n\n<p>Sosa Ru\u00edz mencion\u00f3 que adem\u00e1s del cambio de visi\u00f3n y de vinculaci\u00f3n laboral, se considera importante \u201cla atenci\u00f3n de la salud, el disfrute de la cultura, el impulso a la protecci\u00f3n al medio ambiente, la recreaci\u00f3n del arte y la pr\u00e1ctica del deporte.\u201d<\/p>\n\n\n\n<p>Pidi\u00f3 a los m\u00e1s de 217 mil j\u00f3venes de Reynosa, representados por el alcalde Carlos Pe\u00f1a Ortiz que se acerquen como en todo el estado, a los programas que ofrece el INJUVE como son &#8220;Mercado j\u00f3ven&#8221;, &#8220;Misi\u00f3n Tamaulipas&#8221; y &#8220;Vayamos juntos para mejorar las condiciones de desarrollo y bienestar para todas y todos&#8221;, ratificando as\u00ed, la visi\u00f3n de cumplir con la Agenda 2030 en cuanto a perspectiva de la juventud.<\/p>\n\n\n\n<p>El INJUVE y su directora, Katalyna Mendez, anunciaron que continuar\u00e1n con m\u00e1s actividades durante todo el mes de agosto, denominado Mes de la Juventud.<\/p>\n","protected":false},"excerpt":{"rendered":"<p>-En Reynosa, con Joven Fest conmemoramos el D\u00eda Internacional de la Juventud: Olga Sosa Ru\u00edz Por: Agencias Reynosa.- La Secretar\u00eda del Trabajo del gobierno de Am\u00e9rico Villarreal Anaya, a trav\u00e9s del INJUVE que dirige Katalyna M\u00e9ndez, conmemor\u00f3 en Reynosa el D\u00eda Internacional de la Juventud reconociendo a m\u00e1s de un mill\u00f3n de tamaulipecas y tamaulipecos &hellip;<\/p>\n","protected":false},"author":1,"featured_media":1235,"comment_status":"open","ping_status":"open","sticky":false,"template":"","format":"standard","meta":{"footnotes":""},"categories":[39],"tags":[],"class_list":["post-1234","post","type-post","status-publish","format-standard","has-post-thumbnail","","category-tamaulipas"],"_links":{"self":[{"href":"https:\/\/www.radiointeractivo.com.mx\/index.php?rest_route=\/wp\/v2\/posts\/1234","targetHints":{"allow":["GET"]}}],"collection":[{"href":"https:\/\/www.radiointeractivo.com.mx\/index.php?rest_route=\/wp\/v2\/posts"}],"about":[{"href":"https:\/\/www.radiointeractivo.com.mx\/index.php?rest_route=\/wp\/v2\/types\/post"}],"author":[{"embeddable":true,"href":"https:\/\/www.radiointeractivo.com.mx\/index.php?rest_route=\/wp\/v2\/users\/1"}],"replies":[{"embeddable":true,"href":"https:\/\/www.radiointeractivo.com.mx\/index.php?rest_route=%2Fwp%2Fv2%2Fcomments&post=1234"}],"version-history":[{"count":1,"href":"https:\/\/www.radiointeractivo.com.mx\/index.php?rest_route=\/wp\/v2\/posts\/1234\/revisions"}],"predecessor-version":[{"id":1236,"href":"https:\/\/www.radiointeractivo.com.mx\/index.php?rest_route=\/wp\/v2\/posts\/1234\/revisions\/1236"}],"wp:featuredmedia":[{"embeddable":true,"href":"https:\/\/www.radiointeractivo.com.mx\/index.php?rest_route=\/wp\/v2\/media\/1235"}],"wp:attachment":[{"href":"https:\/\/www.radiointeractivo.com.mx\/index.php?rest_route=%2Fwp%2Fv2%2Fmedia&parent=1234"}],"wp:term":[{"taxonomy":"category","embeddable":true,"href":"https:\/\/www.radiointeractivo.com.mx\/index.php?rest_route=%2Fwp%2Fv2%2Fcategories&post=1234"},{"taxonomy":"post_tag","embeddable":true,"href":"https:\/\/www.radiointeractivo.com.mx\/index.php?rest_route=%2Fwp%2Fv2%2Ftags&post=1234"}],"curies":[{"name":"wp","href":"https:\/\/api.w.org\/{rel}","templated":true}]}}