{"id":12321,"date":"2024-12-13T15:46:48","date_gmt":"2024-12-13T21:46:48","guid":{"rendered":"https:\/\/www.radiointeractivo.com.mx\/?p=12321"},"modified":"2024-12-13T15:46:52","modified_gmt":"2024-12-13T21:46:52","slug":"gobierno-municipal-lleva-cultura-a-escuelas-a-traves-de-la-biblioteca-itinerante","status":"publish","type":"post","link":"https:\/\/www.radiointeractivo.com.mx\/?p=12321","title":{"rendered":"GOBIERNO MUNICIPAL LLEVA CULTURA A ESCUELAS A TRAV\u00c9S DE LA BIBLIOTECA ITINERANTE"},"content":{"rendered":"\n<figure class=\"wp-block-image size-large\"><img loading=\"lazy\" decoding=\"async\" width=\"1024\" height=\"691\" src=\"https:\/\/www.radiointeractivo.com.mx\/wp-content\/uploads\/2024\/12\/WhatsApp-Image-2024-12-13-at-1.15.20-PM-1024x691.jpeg\" alt=\"\" class=\"wp-image-12322\" srcset=\"https:\/\/www.radiointeractivo.com.mx\/wp-content\/uploads\/2024\/12\/WhatsApp-Image-2024-12-13-at-1.15.20-PM-1024x691.jpeg 1024w, https:\/\/www.radiointeractivo.com.mx\/wp-content\/uploads\/2024\/12\/WhatsApp-Image-2024-12-13-at-1.15.20-PM-300x203.jpeg 300w, https:\/\/www.radiointeractivo.com.mx\/wp-content\/uploads\/2024\/12\/WhatsApp-Image-2024-12-13-at-1.15.20-PM-768x518.jpeg 768w, https:\/\/www.radiointeractivo.com.mx\/wp-content\/uploads\/2024\/12\/WhatsApp-Image-2024-12-13-at-1.15.20-PM-110x75.jpeg 110w, https:\/\/www.radiointeractivo.com.mx\/wp-content\/uploads\/2024\/12\/WhatsApp-Image-2024-12-13-at-1.15.20-PM.jpeg 1280w\" sizes=\"auto, (max-width: 1024px) 100vw, 1024px\" \/><\/figure>\n\n\n\n<p>Por: Staff | #NuevoLaredo #Laredo #NLD #Tamaulipas<\/p>\n\n\n\n<p>El d\u00eda de ayer, el Gobierno Municipal de Nuevo Laredo, a trav\u00e9s de la Direcci\u00f3n de Arte y Cultura y la Coordinaci\u00f3n de Bibliotecas, llev\u00f3 a cabo una nueva edici\u00f3n del programa Biblioteca Itinerante, beneficiando a 127 alumnos de la Escuela Primaria \u201cAbd\u00f3n Rodr\u00edguez S\u00e1nchez\u201d en su turno matutino.<\/p>\n\n\n\n<p>Este proyecto tiene como objetivo fomentar el h\u00e1bito de la lectura y acercar herramientas educativas a los estudiantes de las distintas instituciones de la ciudad. Durante la visita, se realizaron actividades din\u00e1micas y l\u00fadicas relacionadas con los libros, incentivando el aprendizaje y la creatividad de los ni\u00f1os.<\/p>\n\n\n\n<p>El director del plantel, Jos\u00e9 \u00c1ngel Casas Villanueva, y su equipo de trabajo, ofrecieron todo el apoyo necesario para que esta jornada cultural fuera un \u00e9xito, destacando su compromiso con el bienestar educativo de los alumnos.<\/p>\n\n\n\n<p>Con estas acciones, el Gobierno Municipal reafirma su compromiso con la formaci\u00f3n integral de la ni\u00f1ez neolaredense, llevando la cultura y el conocimiento a cada rinc\u00f3n de la ciudad.<\/p>\n","protected":false},"excerpt":{"rendered":"<p>Por: Staff | #NuevoLaredo #Laredo #NLD #Tamaulipas El d\u00eda de ayer, el Gobierno Municipal de Nuevo Laredo, a trav\u00e9s de la Direcci\u00f3n de Arte y Cultura y la Coordinaci\u00f3n de Bibliotecas, llev\u00f3 a cabo una nueva edici\u00f3n del programa Biblioteca Itinerante, beneficiando a 127 alumnos de la Escuela Primaria \u201cAbd\u00f3n Rodr\u00edguez S\u00e1nchez\u201d en su turno &hellip;<\/p>\n","protected":false},"author":1,"featured_media":12322,"comment_status":"open","ping_status":"open","sticky":false,"template":"","format":"standard","meta":{"footnotes":""},"categories":[38],"tags":[],"class_list":["post-12321","post","type-post","status-publish","format-standard","has-post-thumbnail","","category-nuevo-laredo"],"_links":{"self":[{"href":"https:\/\/www.radiointeractivo.com.mx\/index.php?rest_route=\/wp\/v2\/posts\/12321","targetHints":{"allow":["GET"]}}],"collection":[{"href":"https:\/\/www.radiointeractivo.com.mx\/index.php?rest_route=\/wp\/v2\/posts"}],"about":[{"href":"https:\/\/www.radiointeractivo.com.mx\/index.php?rest_route=\/wp\/v2\/types\/post"}],"author":[{"embeddable":true,"href":"https:\/\/www.radiointeractivo.com.mx\/index.php?rest_route=\/wp\/v2\/users\/1"}],"replies":[{"embeddable":true,"href":"https:\/\/www.radiointeractivo.com.mx\/index.php?rest_route=%2Fwp%2Fv2%2Fcomments&post=12321"}],"version-history":[{"count":1,"href":"https:\/\/www.radiointeractivo.com.mx\/index.php?rest_route=\/wp\/v2\/posts\/12321\/revisions"}],"predecessor-version":[{"id":12323,"href":"https:\/\/www.radiointeractivo.com.mx\/index.php?rest_route=\/wp\/v2\/posts\/12321\/revisions\/12323"}],"wp:featuredmedia":[{"embeddable":true,"href":"https:\/\/www.radiointeractivo.com.mx\/index.php?rest_route=\/wp\/v2\/media\/12322"}],"wp:attachment":[{"href":"https:\/\/www.radiointeractivo.com.mx\/index.php?rest_route=%2Fwp%2Fv2%2Fmedia&parent=12321"}],"wp:term":[{"taxonomy":"category","embeddable":true,"href":"https:\/\/www.radiointeractivo.com.mx\/index.php?rest_route=%2Fwp%2Fv2%2Fcategories&post=12321"},{"taxonomy":"post_tag","embeddable":true,"href":"https:\/\/www.radiointeractivo.com.mx\/index.php?rest_route=%2Fwp%2Fv2%2Ftags&post=12321"}],"curies":[{"name":"wp","href":"https:\/\/api.w.org\/{rel}","templated":true}]}}