{"id":1228,"date":"2023-09-01T21:43:54","date_gmt":"2023-09-01T21:43:54","guid":{"rendered":"https:\/\/www.radiointeractivo.com.mx\/?p=1228"},"modified":"2023-09-01T21:43:55","modified_gmt":"2023-09-01T21:43:55","slug":"ofrece-usjt-maestrias-en-criminologia-y-justicia-penal-y-desarrollo-de-politicas-publicas-en-materia-de-seguridad","status":"publish","type":"post","link":"https:\/\/www.radiointeractivo.com.mx\/?p=1228","title":{"rendered":"Ofrece USJT maestr\u00edas en Criminolog\u00eda y Justicia Penal y Desarrollo de Pol\u00edticas P\u00fablicas en Materia de Seguridad"},"content":{"rendered":"\n<ul class=\"wp-block-list\">\n<li>El per\u00edodo de recepci\u00f3n de datos es del 15 de agosto al 31 de octubre<\/li>\n<\/ul>\n\n\n\n<p>Por: Agencias<\/p>\n\n\n\n<p>Ciudad Victoria, Tamaulipas.- La Universidad de Seguridad y Justicia de Tamaulipas inform\u00f3<br>que ser\u00e1 hasta el 31 de octubre cuando termine el plazo para la recepci\u00f3n de documentos a fin de inscribirse a sus dos maestr\u00edas, luego de que el d\u00eda 15 de agosto se lanzar\u00e1 la nueva convocatoria del proceso de admisi\u00f3n 2024-2025.<\/p>\n\n\n\n<p>Criminolog\u00eda y Justicia Penal con \u00e9nfasis en Investigaci\u00f3n Criminal y Desarrollo de Pol\u00edticas P\u00fablicas en Materia de Seguridad con especialidad en An\u00e1lisis de Informaci\u00f3n, son los dos posgrados que actualmente cuentan con una matr\u00edcula de 40 estudiantes, aunque se espera que para el pr\u00f3ximo ciclo, la cifra se incremente considerablemente dado el inter\u00e9s que han mostrado los estudiantes tanto de la instituci\u00f3n como de otras universidades.<\/p>\n\n\n\n<p>V\u00edctor Hugo de Le\u00f3n Alonso, director acad\u00e9mico de la USJT, mencion\u00f3 que el per\u00edodo de entrevistas son del 15 de agosto al 8 de noviembre; las fechas para el curso proped\u00e9utico son del 21 de noviembre al 1 de diciembre y del 4 al 8 de diciembre la emisi\u00f3n de resultados, para dar inicio el 15 de enero del 2024.<\/p>\n\n\n\n<p>La Maestr\u00eda en Desarrollo de Pol\u00edticas P\u00fablicas en Materia de Seguridad, tiene como objetivo proporcionar al alumno una formaci\u00f3n s\u00f3lida en el \u00e1mbito de la seguridad p\u00fablica desde una perspectiva cr\u00edtica y con fundamentos en la criminolog\u00eda, la procuraci\u00f3n de justicia y la administraci\u00f3n p\u00fablica, de manera que pueda desarrollar una alta capacidad para el ejercicio profesional.<\/p>\n\n\n\n<p>Mientras que el posgrado en Criminolog\u00eda y Justicia Penal busca formar maestros de alto nivel en materia de investigaci\u00f3n criminal, capaces de desempe\u00f1arse a nivel nacional e internacional de manera eficiente, eficaz y con \u00e9tica, en las instituciones tanto p\u00fablicas como privadas implicadas en la administraci\u00f3n y procuraci\u00f3n de justicia.<\/p>\n","protected":false},"excerpt":{"rendered":"<p>El per\u00edodo de recepci\u00f3n de datos es del 15 de agosto al 31 de octubre Por: Agencias Ciudad Victoria, Tamaulipas.- La Universidad de Seguridad y Justicia de Tamaulipas inform\u00f3que ser\u00e1 hasta el 31 de octubre cuando termine el plazo para la recepci\u00f3n de documentos a fin de inscribirse a sus dos maestr\u00edas, luego de que &hellip;<\/p>\n","protected":false},"author":1,"featured_media":1229,"comment_status":"open","ping_status":"open","sticky":false,"template":"","format":"standard","meta":{"footnotes":""},"categories":[39],"tags":[],"class_list":["post-1228","post","type-post","status-publish","format-standard","has-post-thumbnail","","category-tamaulipas"],"_links":{"self":[{"href":"https:\/\/www.radiointeractivo.com.mx\/index.php?rest_route=\/wp\/v2\/posts\/1228","targetHints":{"allow":["GET"]}}],"collection":[{"href":"https:\/\/www.radiointeractivo.com.mx\/index.php?rest_route=\/wp\/v2\/posts"}],"about":[{"href":"https:\/\/www.radiointeractivo.com.mx\/index.php?rest_route=\/wp\/v2\/types\/post"}],"author":[{"embeddable":true,"href":"https:\/\/www.radiointeractivo.com.mx\/index.php?rest_route=\/wp\/v2\/users\/1"}],"replies":[{"embeddable":true,"href":"https:\/\/www.radiointeractivo.com.mx\/index.php?rest_route=%2Fwp%2Fv2%2Fcomments&post=1228"}],"version-history":[{"count":1,"href":"https:\/\/www.radiointeractivo.com.mx\/index.php?rest_route=\/wp\/v2\/posts\/1228\/revisions"}],"predecessor-version":[{"id":1230,"href":"https:\/\/www.radiointeractivo.com.mx\/index.php?rest_route=\/wp\/v2\/posts\/1228\/revisions\/1230"}],"wp:featuredmedia":[{"embeddable":true,"href":"https:\/\/www.radiointeractivo.com.mx\/index.php?rest_route=\/wp\/v2\/media\/1229"}],"wp:attachment":[{"href":"https:\/\/www.radiointeractivo.com.mx\/index.php?rest_route=%2Fwp%2Fv2%2Fmedia&parent=1228"}],"wp:term":[{"taxonomy":"category","embeddable":true,"href":"https:\/\/www.radiointeractivo.com.mx\/index.php?rest_route=%2Fwp%2Fv2%2Fcategories&post=1228"},{"taxonomy":"post_tag","embeddable":true,"href":"https:\/\/www.radiointeractivo.com.mx\/index.php?rest_route=%2Fwp%2Fv2%2Ftags&post=1228"}],"curies":[{"name":"wp","href":"https:\/\/api.w.org\/{rel}","templated":true}]}}