{"id":1216,"date":"2023-09-01T21:38:13","date_gmt":"2023-09-01T21:38:13","guid":{"rendered":"https:\/\/www.radiointeractivo.com.mx\/?p=1216"},"modified":"2023-09-01T21:38:14","modified_gmt":"2023-09-01T21:38:14","slug":"realizan-primer-festival-lomas-del-real-en-altamira","status":"publish","type":"post","link":"https:\/\/www.radiointeractivo.com.mx\/?p=1216","title":{"rendered":"Realizan primer \u201cFestival Lomas del Real\u201d en Altamira"},"content":{"rendered":"\n<p>Por: Agencias<\/p>\n\n\n\n<p>Altamira, Tamaulipas.- Con la intenci\u00f3n de difundir la historia y tradiciones ancestrales de la comunidad, previo a la declaratoria de Patrimonio Cultural del Estado, el Instituto Tamaulipeco para la Cultura y las Artes a cargo de Brenda Denisse de la Cruz L\u00f3pez, a trav\u00e9s de la Direcci\u00f3n de Patrimonio Cultural e Hist\u00f3rico, llev\u00f3 a cabo el primer \u201cFestival Lomas del Real\u201d el pasado 12 de agosto en el ejido Lomas del Real en Altamira.<\/p>\n\n\n\n<p>En dicho festival hubo stands donde se explicaron los m\u00e9todos de la extracci\u00f3n de la sal y de la conservaci\u00f3n de los alimentos por medio del uso de la misma, la pesca tradicional de la zona y la elaboraci\u00f3n artesanal de la atarraya. Tambi\u00e9n hubo una exposici\u00f3n fotogr\u00e1fica con una conferencia hist\u00f3rica que el director de Patrimonio, Gustavo A. Ram\u00edrez Castilla present\u00f3.<\/p>\n\n\n\n<p>Las actividades se realizaron en conmemoraci\u00f3n de uno de los asentamientos m\u00e1s antiguos del mundo conocido como Chak-Pet, que de acuerdo con la lengua T\u00e9nek significa Tortuga Roja hubo eventos gastron\u00f3micos, culturales y art\u00edsticos.<\/p>\n\n\n\n<p>Adem\u00e1s de la conferencia magistral \u201cTres mil a\u00f1os de historia\u201d, que habl\u00f3 sobre el desarrollo y auge de dicha aldea huasteca, se present\u00f3 el Conjunto T\u00edpico Tamaulipeco y se proyect\u00f3 un cortometraje que muestra la tradici\u00f3n salinera de la regi\u00f3n adem\u00e1s de resaltar su historia.<\/p>\n\n\n\n<p>Este evento se efectu\u00f3 con el respaldo que ha dado el gobernador Am\u00e9rico Villarreal Anaya al Instituto Tamaulipeco para la Cultura y las Artes, para brindar espacios libres al alcance de la ciudadan\u00eda llevando el arte y la historia del patrimonio estatal.<\/p>\n","protected":false},"excerpt":{"rendered":"<p>Por: Agencias Altamira, Tamaulipas.- Con la intenci\u00f3n de difundir la historia y tradiciones ancestrales de la comunidad, previo a la declaratoria de Patrimonio Cultural del Estado, el Instituto Tamaulipeco para la Cultura y las Artes a cargo de Brenda Denisse de la Cruz L\u00f3pez, a trav\u00e9s de la Direcci\u00f3n de Patrimonio Cultural e Hist\u00f3rico, llev\u00f3 &hellip;<\/p>\n","protected":false},"author":1,"featured_media":1217,"comment_status":"open","ping_status":"open","sticky":false,"template":"","format":"standard","meta":{"footnotes":""},"categories":[39],"tags":[],"class_list":["post-1216","post","type-post","status-publish","format-standard","has-post-thumbnail","","category-tamaulipas"],"_links":{"self":[{"href":"https:\/\/www.radiointeractivo.com.mx\/index.php?rest_route=\/wp\/v2\/posts\/1216","targetHints":{"allow":["GET"]}}],"collection":[{"href":"https:\/\/www.radiointeractivo.com.mx\/index.php?rest_route=\/wp\/v2\/posts"}],"about":[{"href":"https:\/\/www.radiointeractivo.com.mx\/index.php?rest_route=\/wp\/v2\/types\/post"}],"author":[{"embeddable":true,"href":"https:\/\/www.radiointeractivo.com.mx\/index.php?rest_route=\/wp\/v2\/users\/1"}],"replies":[{"embeddable":true,"href":"https:\/\/www.radiointeractivo.com.mx\/index.php?rest_route=%2Fwp%2Fv2%2Fcomments&post=1216"}],"version-history":[{"count":1,"href":"https:\/\/www.radiointeractivo.com.mx\/index.php?rest_route=\/wp\/v2\/posts\/1216\/revisions"}],"predecessor-version":[{"id":1218,"href":"https:\/\/www.radiointeractivo.com.mx\/index.php?rest_route=\/wp\/v2\/posts\/1216\/revisions\/1218"}],"wp:featuredmedia":[{"embeddable":true,"href":"https:\/\/www.radiointeractivo.com.mx\/index.php?rest_route=\/wp\/v2\/media\/1217"}],"wp:attachment":[{"href":"https:\/\/www.radiointeractivo.com.mx\/index.php?rest_route=%2Fwp%2Fv2%2Fmedia&parent=1216"}],"wp:term":[{"taxonomy":"category","embeddable":true,"href":"https:\/\/www.radiointeractivo.com.mx\/index.php?rest_route=%2Fwp%2Fv2%2Fcategories&post=1216"},{"taxonomy":"post_tag","embeddable":true,"href":"https:\/\/www.radiointeractivo.com.mx\/index.php?rest_route=%2Fwp%2Fv2%2Ftags&post=1216"}],"curies":[{"name":"wp","href":"https:\/\/api.w.org\/{rel}","templated":true}]}}