{"id":11992,"date":"2024-12-04T20:31:45","date_gmt":"2024-12-05T02:31:45","guid":{"rendered":"https:\/\/www.radiointeractivo.com.mx\/?p=11992"},"modified":"2024-12-04T20:31:47","modified_gmt":"2024-12-05T02:31:47","slug":"realizara-presidenta-claudia-sheinbaum-primera-visita-oficial-a-tamaulipas","status":"publish","type":"post","link":"https:\/\/www.radiointeractivo.com.mx\/?p=11992","title":{"rendered":"Realizar\u00e1 presidenta Claudia Sheinbaum primera visita oficial a Tamaulipas"},"content":{"rendered":"\n<figure class=\"wp-block-image size-large\"><img loading=\"lazy\" decoding=\"async\" width=\"1024\" height=\"682\" src=\"https:\/\/www.radiointeractivo.com.mx\/wp-content\/uploads\/2024\/12\/WhatsApp-Image-2024-12-04-at-5.14.16-PM-1024x682.jpeg\" alt=\"\" class=\"wp-image-11993\" srcset=\"https:\/\/www.radiointeractivo.com.mx\/wp-content\/uploads\/2024\/12\/WhatsApp-Image-2024-12-04-at-5.14.16-PM-1024x682.jpeg 1024w, https:\/\/www.radiointeractivo.com.mx\/wp-content\/uploads\/2024\/12\/WhatsApp-Image-2024-12-04-at-5.14.16-PM-300x200.jpeg 300w, https:\/\/www.radiointeractivo.com.mx\/wp-content\/uploads\/2024\/12\/WhatsApp-Image-2024-12-04-at-5.14.16-PM-768x512.jpeg 768w, https:\/\/www.radiointeractivo.com.mx\/wp-content\/uploads\/2024\/12\/WhatsApp-Image-2024-12-04-at-5.14.16-PM-1536x1023.jpeg 1536w, https:\/\/www.radiointeractivo.com.mx\/wp-content\/uploads\/2024\/12\/WhatsApp-Image-2024-12-04-at-5.14.16-PM-310x205.jpeg 310w, https:\/\/www.radiointeractivo.com.mx\/wp-content\/uploads\/2024\/12\/WhatsApp-Image-2024-12-04-at-5.14.16-PM.jpeg 1600w\" sizes=\"auto, (max-width: 1024px) 100vw, 1024px\" \/><\/figure>\n\n\n\n<p>Por: Agencias<\/p>\n\n\n\n<p>Ciudad de M\u00e9xico.- La presidenta de M\u00e9xico, Claudia Sheinbaum Pardo, realizar\u00e1 su primera visita oficial al estado de Tamaulipas el pr\u00f3ximo domingo 8 de diciembre en la ciudad de Nuevo Laredo, donde ser\u00e1 recibida por el gobernador Am\u00e9rico Villarreal Anaya.<\/p>\n\n\n\n<p>Durante la conferencia ma\u00f1anera de este mi\u00e9rcoles en Palacio Nacional, la mandataria dio a conocer que el pr\u00f3ximo fin de semana realizar\u00e1 una gira de trabajo por tres estados.<\/p>\n\n\n\n<p>\u201cEste fin de semana vamos a Chiapas, Oaxaca y Tamaulipas\u201d, expres\u00f3 durante su encuentro con los medios de comunicaci\u00f3n, por lo que \u00e9sta ser\u00e1 la primera visita presidencial tras la toma de posesi\u00f3n, el 1\u00b0 de octubre pasado.<\/p>\n\n\n\n<p>En la ciudad de Nuevo Laredo, el gobierno federal construye las instalaciones de la Agencia Nacional de Aduanas de M\u00e9xico, (ANAM) que permitir\u00e1 consolidar a Tamaulipas como la plataforma log\u00edstica de M\u00e9xico.<\/p>\n\n\n\n<p>Recientemente, el gobernador Am\u00e9rico Villarreal ha llevado a cabo reuniones de trabajo con secretarios y secretarias del gabinete federal, lo que ha permitido fortalecer la relaci\u00f3n y la coordinaci\u00f3n para impulsar proyectos estrat\u00e9gicos en marcha. Incluso, algunos programas y acciones de la presidenta Sheinbaum Pardo ya se implementan en el estado.<\/p>\n","protected":false},"excerpt":{"rendered":"<p>Por: Agencias Ciudad de M\u00e9xico.- La presidenta de M\u00e9xico, Claudia Sheinbaum Pardo, realizar\u00e1 su primera visita oficial al estado de Tamaulipas el pr\u00f3ximo domingo 8 de diciembre en la ciudad de Nuevo Laredo, donde ser\u00e1 recibida por el gobernador Am\u00e9rico Villarreal Anaya. Durante la conferencia ma\u00f1anera de este mi\u00e9rcoles en Palacio Nacional, la mandataria dio &hellip;<\/p>\n","protected":false},"author":1,"featured_media":11993,"comment_status":"open","ping_status":"open","sticky":false,"template":"","format":"standard","meta":{"footnotes":""},"categories":[39],"tags":[],"class_list":["post-11992","post","type-post","status-publish","format-standard","has-post-thumbnail","","category-tamaulipas"],"_links":{"self":[{"href":"https:\/\/www.radiointeractivo.com.mx\/index.php?rest_route=\/wp\/v2\/posts\/11992","targetHints":{"allow":["GET"]}}],"collection":[{"href":"https:\/\/www.radiointeractivo.com.mx\/index.php?rest_route=\/wp\/v2\/posts"}],"about":[{"href":"https:\/\/www.radiointeractivo.com.mx\/index.php?rest_route=\/wp\/v2\/types\/post"}],"author":[{"embeddable":true,"href":"https:\/\/www.radiointeractivo.com.mx\/index.php?rest_route=\/wp\/v2\/users\/1"}],"replies":[{"embeddable":true,"href":"https:\/\/www.radiointeractivo.com.mx\/index.php?rest_route=%2Fwp%2Fv2%2Fcomments&post=11992"}],"version-history":[{"count":1,"href":"https:\/\/www.radiointeractivo.com.mx\/index.php?rest_route=\/wp\/v2\/posts\/11992\/revisions"}],"predecessor-version":[{"id":11994,"href":"https:\/\/www.radiointeractivo.com.mx\/index.php?rest_route=\/wp\/v2\/posts\/11992\/revisions\/11994"}],"wp:featuredmedia":[{"embeddable":true,"href":"https:\/\/www.radiointeractivo.com.mx\/index.php?rest_route=\/wp\/v2\/media\/11993"}],"wp:attachment":[{"href":"https:\/\/www.radiointeractivo.com.mx\/index.php?rest_route=%2Fwp%2Fv2%2Fmedia&parent=11992"}],"wp:term":[{"taxonomy":"category","embeddable":true,"href":"https:\/\/www.radiointeractivo.com.mx\/index.php?rest_route=%2Fwp%2Fv2%2Fcategories&post=11992"},{"taxonomy":"post_tag","embeddable":true,"href":"https:\/\/www.radiointeractivo.com.mx\/index.php?rest_route=%2Fwp%2Fv2%2Ftags&post=11992"}],"curies":[{"name":"wp","href":"https:\/\/api.w.org\/{rel}","templated":true}]}}