{"id":11962,"date":"2024-12-03T18:21:29","date_gmt":"2024-12-04T00:21:29","guid":{"rendered":"https:\/\/www.radiointeractivo.com.mx\/?p=11962"},"modified":"2024-12-03T18:21:30","modified_gmt":"2024-12-04T00:21:30","slug":"triunfan-tamaulipecos-en-feria-internacional-de-innovacion-ciencia-energia-e-ingenieria-en-turquia","status":"publish","type":"post","link":"https:\/\/www.radiointeractivo.com.mx\/?p=11962","title":{"rendered":"Triunfan tamaulipecos en Feria Internacional de Innovaci\u00f3n, Ciencia, Energ\u00eda e Ingenier\u00eda en Turqu\u00eda"},"content":{"rendered":"\n<figure class=\"wp-block-image size-large\"><img loading=\"lazy\" decoding=\"async\" width=\"1024\" height=\"679\" src=\"https:\/\/www.radiointeractivo.com.mx\/wp-content\/uploads\/2024\/12\/WhatsApp-Image-2024-12-03-at-3.10.30-PM-1024x679.jpeg\" alt=\"\" class=\"wp-image-11963\" srcset=\"https:\/\/www.radiointeractivo.com.mx\/wp-content\/uploads\/2024\/12\/WhatsApp-Image-2024-12-03-at-3.10.30-PM-1024x679.jpeg 1024w, https:\/\/www.radiointeractivo.com.mx\/wp-content\/uploads\/2024\/12\/WhatsApp-Image-2024-12-03-at-3.10.30-PM-300x199.jpeg 300w, https:\/\/www.radiointeractivo.com.mx\/wp-content\/uploads\/2024\/12\/WhatsApp-Image-2024-12-03-at-3.10.30-PM-768x509.jpeg 768w, https:\/\/www.radiointeractivo.com.mx\/wp-content\/uploads\/2024\/12\/WhatsApp-Image-2024-12-03-at-3.10.30-PM-1536x1019.jpeg 1536w, https:\/\/www.radiointeractivo.com.mx\/wp-content\/uploads\/2024\/12\/WhatsApp-Image-2024-12-03-at-3.10.30-PM-310x205.jpeg 310w, https:\/\/www.radiointeractivo.com.mx\/wp-content\/uploads\/2024\/12\/WhatsApp-Image-2024-12-03-at-3.10.30-PM.jpeg 1600w\" sizes=\"auto, (max-width: 1024px) 100vw, 1024px\" \/><\/figure>\n\n\n\n<p>Por: Agencias<\/p>\n\n\n\n<p>Ciudad Victoria, Tamaulipas.\u2013 El talento de la juventud tamaulipeca qued\u00f3 de manifiesto una vez, con la participaci\u00f3n y triunfo que tuvieron en la Feria Internacional de Innovaci\u00f3n, Ciencia, Energ\u00eda e Ingenier\u00eda 2024 de Izmir, celebrada en Turqu\u00eda del 28 de noviembre al 3 de diciembre.<\/p>\n\n\n\n<p>Los j\u00f3venes Jorge Alfredo De La Garza Elizondo y Regina Daniela Maldonado Su\u00e1rez, estudiantes del Colegio Mexicano de Bachilleres junto con su asesor el maestro Noel P\u00e9rez Enr\u00edquez, obtuvieron el segundo lugar en la categor\u00eda de energ\u00eda e ingenier\u00eda en esta importante feria cient\u00edfica.<\/p>\n\n\n\n<p>&#8220;Autohidroterra: Sistema de irrigaci\u00f3n automatizado a base de sensores de humedad para cultivos verticales&#8221; es el nombre del proyecto con el que ganaron el segundo lugar.<\/p>\n\n\n\n<p>Los j\u00f3venes tamaulipecos representaron a M\u00e9xico en la Feria Internacional de Innovaci\u00f3n, Ciencia, Energ\u00eda e Ingenier\u00eda 2024, a trav\u00e9s del Programa de Formaci\u00f3n de Capital Humano, obteni\u00e9ndose esta acreditaci\u00f3n luego de haber participado de manera exitosa en la ExpoCiencias Nacional 2023.<\/p>\n\n\n\n<p>La Feria Internacional de Innovaci\u00f3n, Ciencia, Energ\u00eda e Ingenier\u00eda de Izmir tiene como finalidad fomentar en estudiantes de secundaria la investigaci\u00f3n cient\u00edfica y tecnol\u00f3gica, contribuir al desarrollo de las y los j\u00f3venes como individuos que tienen el principio de rectitud en sus vidas mediante el aprendizaje de reglas \u00e9ticas durante la investigaci\u00f3n cient\u00edfica y la implementaci\u00f3n de estas reglas.<\/p>\n\n\n\n<p>Adem\u00e1s busca formar nuevas generaciones que realicen investigaciones cient\u00edficas relacionadas con problemas del medio ambiente, la salud, la energ\u00eda y la tecnolog\u00eda a nivel nacional e internacional, para encontrar soluciones, aprender a aplicar el conocimiento, cuestionar, hacer uso de la tecnolog\u00eda de la informaci\u00f3n para educar a las personas en el campo del arte, la ciencia, la tecnolog\u00eda y liderar el desarrollo del arte.<\/p>\n\n\n\n<p>El triunfo internacional de estos j\u00f3venes tamaulipecos es un reflejo de las pol\u00edticas&nbsp; humanistas, incluyentes y de sostenibilidad del Gobierno del Estado, que bajo el liderazgo de Am\u00e9rico Villarreal Anaya, impulsan el desarrollo de adolescentes y j\u00f3venes para que logren su m\u00e1ximo potencial, accedan a mayores niveles de bienestar y aporten soluciones a los retos actuales del estado.<\/p>\n","protected":false},"excerpt":{"rendered":"<p>Por: Agencias Ciudad Victoria, Tamaulipas.\u2013 El talento de la juventud tamaulipeca qued\u00f3 de manifiesto una vez, con la participaci\u00f3n y triunfo que tuvieron en la Feria Internacional de Innovaci\u00f3n, Ciencia, Energ\u00eda e Ingenier\u00eda 2024 de Izmir, celebrada en Turqu\u00eda del 28 de noviembre al 3 de diciembre. Los j\u00f3venes Jorge Alfredo De La Garza Elizondo &hellip;<\/p>\n","protected":false},"author":1,"featured_media":11963,"comment_status":"open","ping_status":"open","sticky":false,"template":"","format":"standard","meta":{"footnotes":""},"categories":[39],"tags":[],"class_list":["post-11962","post","type-post","status-publish","format-standard","has-post-thumbnail","","category-tamaulipas"],"_links":{"self":[{"href":"https:\/\/www.radiointeractivo.com.mx\/index.php?rest_route=\/wp\/v2\/posts\/11962","targetHints":{"allow":["GET"]}}],"collection":[{"href":"https:\/\/www.radiointeractivo.com.mx\/index.php?rest_route=\/wp\/v2\/posts"}],"about":[{"href":"https:\/\/www.radiointeractivo.com.mx\/index.php?rest_route=\/wp\/v2\/types\/post"}],"author":[{"embeddable":true,"href":"https:\/\/www.radiointeractivo.com.mx\/index.php?rest_route=\/wp\/v2\/users\/1"}],"replies":[{"embeddable":true,"href":"https:\/\/www.radiointeractivo.com.mx\/index.php?rest_route=%2Fwp%2Fv2%2Fcomments&post=11962"}],"version-history":[{"count":1,"href":"https:\/\/www.radiointeractivo.com.mx\/index.php?rest_route=\/wp\/v2\/posts\/11962\/revisions"}],"predecessor-version":[{"id":11964,"href":"https:\/\/www.radiointeractivo.com.mx\/index.php?rest_route=\/wp\/v2\/posts\/11962\/revisions\/11964"}],"wp:featuredmedia":[{"embeddable":true,"href":"https:\/\/www.radiointeractivo.com.mx\/index.php?rest_route=\/wp\/v2\/media\/11963"}],"wp:attachment":[{"href":"https:\/\/www.radiointeractivo.com.mx\/index.php?rest_route=%2Fwp%2Fv2%2Fmedia&parent=11962"}],"wp:term":[{"taxonomy":"category","embeddable":true,"href":"https:\/\/www.radiointeractivo.com.mx\/index.php?rest_route=%2Fwp%2Fv2%2Fcategories&post=11962"},{"taxonomy":"post_tag","embeddable":true,"href":"https:\/\/www.radiointeractivo.com.mx\/index.php?rest_route=%2Fwp%2Fv2%2Ftags&post=11962"}],"curies":[{"name":"wp","href":"https:\/\/api.w.org\/{rel}","templated":true}]}}