{"id":11933,"date":"2024-12-02T23:04:55","date_gmt":"2024-12-03T05:04:55","guid":{"rendered":"https:\/\/www.radiointeractivo.com.mx\/?p=11933"},"modified":"2024-12-02T23:04:56","modified_gmt":"2024-12-03T05:04:56","slug":"instala-comision-de-parques-collar-de-monitoreo-en-jaguar","status":"publish","type":"post","link":"https:\/\/www.radiointeractivo.com.mx\/?p=11933","title":{"rendered":"Instala Comisi\u00f3n de Parques collar de monitoreo en jaguar"},"content":{"rendered":"\n<figure class=\"wp-block-image size-large\"><img loading=\"lazy\" decoding=\"async\" width=\"1024\" height=\"559\" src=\"https:\/\/www.radiointeractivo.com.mx\/wp-content\/uploads\/2024\/12\/WhatsApp-Image-2024-12-02-at-10.48.34-AM-1024x559.jpeg\" alt=\"\" class=\"wp-image-11934\" srcset=\"https:\/\/www.radiointeractivo.com.mx\/wp-content\/uploads\/2024\/12\/WhatsApp-Image-2024-12-02-at-10.48.34-AM-1024x559.jpeg 1024w, https:\/\/www.radiointeractivo.com.mx\/wp-content\/uploads\/2024\/12\/WhatsApp-Image-2024-12-02-at-10.48.34-AM-300x164.jpeg 300w, https:\/\/www.radiointeractivo.com.mx\/wp-content\/uploads\/2024\/12\/WhatsApp-Image-2024-12-02-at-10.48.34-AM-768x419.jpeg 768w, https:\/\/www.radiointeractivo.com.mx\/wp-content\/uploads\/2024\/12\/WhatsApp-Image-2024-12-02-at-10.48.34-AM-1536x838.jpeg 1536w, https:\/\/www.radiointeractivo.com.mx\/wp-content\/uploads\/2024\/12\/WhatsApp-Image-2024-12-02-at-10.48.34-AM.jpeg 1548w\" sizes=\"auto, (max-width: 1024px) 100vw, 1024px\" \/><\/figure>\n\n\n\n<p>-Este segundo ejemplar fue ubicado en el municipio de Llera de Canales, el primero en Aldama<\/p>\n\n\n\n<p>Por: Agencias<\/p>\n\n\n\n<p>Ciudad Victoria, Tamaulipas. -El equipo operativo de la Comisi\u00f3n de Parques y Biodiversidad de Tamaulipas ( CPBT) acudi\u00f3 al municipio de Llera de Canales tras la detecci\u00f3n de un jaguar en la zona.<\/p>\n\n\n\n<p>Eduardo Rocha Orozco, vocal de la Comisi\u00f3n inform\u00f3 que con ya son dos ejemplares hembras avistados en lo que va del a\u00f1o y a los que se les est\u00e1 monitoreando.<\/p>\n\n\n\n<p>\u201cEl primer ejemplar fue ubicado en el municipio de Almada, el pasado mes de enero, fue una hembra a la que se le coloc\u00f3 un collar de rastreo satelital, que a la fecha sigue activo, registrando sus movimientos, en la Sierra de Tamaulipas, de hecho de Aldama ahora anda en el municipio de Soto la Marina\u201d, explic\u00f3.<\/p>\n\n\n\n<p>Este segundo ejemplar de noviembre, tambi\u00e9n fue una hembra, la que fue ubicada por los especialistas en fauna ex\u00f3tica en el municipio de Llera de Canales.<\/p>\n\n\n\n<p>Tras su captura se le tom\u00f3 su medida morfol\u00f3gica, implantaci\u00f3n de microchip subcut\u00e1neo en el lomo y collar de rastreo satelital, posteriormente fue puesto en libertad en la misma zona.<\/p>\n\n\n\n<p>Por medio del monitoreo permitir\u00e1 seguir de cerca sus movimientos, se podr\u00e1 rastrear, saber d\u00f3nde andan y conocer su \u00e1mbito hogare\u00f1o, lo que proporcionar\u00e1 informaci\u00f3n clave para los esfuerzos de conservaci\u00f3n.<\/p>\n","protected":false},"excerpt":{"rendered":"<p>-Este segundo ejemplar fue ubicado en el municipio de Llera de Canales, el primero en Aldama Por: Agencias Ciudad Victoria, Tamaulipas. -El equipo operativo de la Comisi\u00f3n de Parques y Biodiversidad de Tamaulipas ( CPBT) acudi\u00f3 al municipio de Llera de Canales tras la detecci\u00f3n de un jaguar en la zona. Eduardo Rocha Orozco, vocal &hellip;<\/p>\n","protected":false},"author":1,"featured_media":11934,"comment_status":"open","ping_status":"open","sticky":false,"template":"","format":"standard","meta":{"footnotes":""},"categories":[39],"tags":[],"class_list":["post-11933","post","type-post","status-publish","format-standard","has-post-thumbnail","","category-tamaulipas"],"_links":{"self":[{"href":"https:\/\/www.radiointeractivo.com.mx\/index.php?rest_route=\/wp\/v2\/posts\/11933","targetHints":{"allow":["GET"]}}],"collection":[{"href":"https:\/\/www.radiointeractivo.com.mx\/index.php?rest_route=\/wp\/v2\/posts"}],"about":[{"href":"https:\/\/www.radiointeractivo.com.mx\/index.php?rest_route=\/wp\/v2\/types\/post"}],"author":[{"embeddable":true,"href":"https:\/\/www.radiointeractivo.com.mx\/index.php?rest_route=\/wp\/v2\/users\/1"}],"replies":[{"embeddable":true,"href":"https:\/\/www.radiointeractivo.com.mx\/index.php?rest_route=%2Fwp%2Fv2%2Fcomments&post=11933"}],"version-history":[{"count":1,"href":"https:\/\/www.radiointeractivo.com.mx\/index.php?rest_route=\/wp\/v2\/posts\/11933\/revisions"}],"predecessor-version":[{"id":11935,"href":"https:\/\/www.radiointeractivo.com.mx\/index.php?rest_route=\/wp\/v2\/posts\/11933\/revisions\/11935"}],"wp:featuredmedia":[{"embeddable":true,"href":"https:\/\/www.radiointeractivo.com.mx\/index.php?rest_route=\/wp\/v2\/media\/11934"}],"wp:attachment":[{"href":"https:\/\/www.radiointeractivo.com.mx\/index.php?rest_route=%2Fwp%2Fv2%2Fmedia&parent=11933"}],"wp:term":[{"taxonomy":"category","embeddable":true,"href":"https:\/\/www.radiointeractivo.com.mx\/index.php?rest_route=%2Fwp%2Fv2%2Fcategories&post=11933"},{"taxonomy":"post_tag","embeddable":true,"href":"https:\/\/www.radiointeractivo.com.mx\/index.php?rest_route=%2Fwp%2Fv2%2Ftags&post=11933"}],"curies":[{"name":"wp","href":"https:\/\/api.w.org\/{rel}","templated":true}]}}