{"id":11930,"date":"2024-12-02T23:03:19","date_gmt":"2024-12-03T05:03:19","guid":{"rendered":"https:\/\/www.radiointeractivo.com.mx\/?p=11930"},"modified":"2024-12-02T23:03:20","modified_gmt":"2024-12-03T05:03:20","slug":"participa-secretario-de-recursos-hidraulicos-en-1er-foro-metropolitano-del-agua-2024","status":"publish","type":"post","link":"https:\/\/www.radiointeractivo.com.mx\/?p=11930","title":{"rendered":"Participa secretario de Recursos Hidr\u00e1ulicos en 1er Foro Metropolitano del Agua 2024"},"content":{"rendered":"\n<figure class=\"wp-block-image size-large\"><img loading=\"lazy\" decoding=\"async\" width=\"1024\" height=\"680\" src=\"https:\/\/www.radiointeractivo.com.mx\/wp-content\/uploads\/2024\/12\/WhatsApp-Image-2024-12-02-at-12.46.06-PM-1024x680.jpeg\" alt=\"\" class=\"wp-image-11931\" srcset=\"https:\/\/www.radiointeractivo.com.mx\/wp-content\/uploads\/2024\/12\/WhatsApp-Image-2024-12-02-at-12.46.06-PM-1024x680.jpeg 1024w, https:\/\/www.radiointeractivo.com.mx\/wp-content\/uploads\/2024\/12\/WhatsApp-Image-2024-12-02-at-12.46.06-PM-300x199.jpeg 300w, https:\/\/www.radiointeractivo.com.mx\/wp-content\/uploads\/2024\/12\/WhatsApp-Image-2024-12-02-at-12.46.06-PM-768x510.jpeg 768w, https:\/\/www.radiointeractivo.com.mx\/wp-content\/uploads\/2024\/12\/WhatsApp-Image-2024-12-02-at-12.46.06-PM-1536x1020.jpeg 1536w, https:\/\/www.radiointeractivo.com.mx\/wp-content\/uploads\/2024\/12\/WhatsApp-Image-2024-12-02-at-12.46.06-PM-310x205.jpeg 310w, https:\/\/www.radiointeractivo.com.mx\/wp-content\/uploads\/2024\/12\/WhatsApp-Image-2024-12-02-at-12.46.06-PM.jpeg 1600w\" sizes=\"auto, (max-width: 1024px) 100vw, 1024px\" \/><\/figure>\n\n\n\n<p>Por: Agencias<\/p>\n\n\n\n<p>Altamira, Tamaulipas. &#8211; El secretario de Recursos Hidr\u00e1ulicos para el Desarrollo Social del Estado de Tamaulipas, Ra\u00fal Quiroga \u00c1lvarez, particip\u00f3 de manera destacada en el 1er Foro Metropolitano del Agua 2024, organizado por la Mesa Ciudadana del Agua de la zona sur, presidida por Luis Apperti Llovet, y que se celebr\u00f3 en el Instituto de Estudios Superiores de Tamaulipas (IEST An\u00e1huac), en la ciudad de Altamira.<\/p>\n\n\n\n<p>El evento reuni\u00f3 a expertos, acad\u00e9micos, autoridades y representantes del sector empresarial para analizar los desaf\u00edos y oportunidades en la gesti\u00f3n del agua en la regi\u00f3n sur de Tamaulipas.<\/p>\n\n\n\n<p>Durante su intervenci\u00f3n, Ra\u00fal Quiroga \u00c1lvarez destac\u00f3 los esfuerzos del Gobierno de Tamaulipas para garantizar una distribuci\u00f3n equitativa y eficiente del agua en las zonas urbanas y rurales. Tambi\u00e9n present\u00f3 un balance t\u00e9cnico sobre el grado de presi\u00f3n h\u00eddrica en el pa\u00eds, la disponibilidad de agua en las diferentes regiones hidrol\u00f3gicas y acu\u00edferos del estado, el registro de precipitaciones de los \u00faltimos a\u00f1os, la infraestructura de los organismos operadores del agua y los proyectos estrat\u00e9gicos que el gobierno estatal lleva a cabo en materia hidr\u00e1ulica.<\/p>\n\n\n\n<p>En su discurso, Ra\u00fal Quiroga \u00c1lvarez enfatiz\u00f3 que el tratamiento de aguas residuales es un aspecto clave para enfrentar la creciente demanda de agua y garantizar su disponibilidad para el desarrollo de Tamaulipas.<\/p>\n\n\n\n<p>\u201cSe hizo un equipo t\u00e9cnico en el cual participa la Secretar\u00eda de Recursos Hidr\u00e1ulicos y los organismos operadores, de tal suerte que cedamos todas las aguas residuales a la industria para que sean tratadas y que tengan la certeza de que podr\u00e1n disponer de esa agua para emprender sus desarrollos futuros&#8221;, expres\u00f3.<\/p>\n\n\n\n<p>El Foro Metropolitano del Agua 2024 abord\u00f3 temas cruciales como la infraestructura hidr\u00e1ulica, el cambio clim\u00e1tico, la escasez de agua y la gesti\u00f3n sustentable del recurso. En este espacio, los participantes discutieron estrategias innovadoras para enfrentar los retos actuales, buscando soluciones colaborativas entre los diferentes sectores involucrados.<\/p>\n\n\n\n<p>El secretario Ra\u00fal Quiroga \u00c1lvarez tambi\u00e9n se refiri\u00f3 a las acciones que se est\u00e1n llevando a cabo en Tamaulipas para mejorar el acceso al agua potable y el saneamiento, as\u00ed como a los proyectos en marcha para enfrentar los retos en materia de agua.<\/p>\n\n\n\n<p>Adem\u00e1s de las ponencias, el evento permiti\u00f3 fortalecer los lazos entre los distintos actores, promoviendo el intercambio de conocimientos y buenas pr\u00e1cticas en la gesti\u00f3n del agua.<\/p>\n","protected":false},"excerpt":{"rendered":"<p>Por: Agencias Altamira, Tamaulipas. &#8211; El secretario de Recursos Hidr\u00e1ulicos para el Desarrollo Social del Estado de Tamaulipas, Ra\u00fal Quiroga \u00c1lvarez, particip\u00f3 de manera destacada en el 1er Foro Metropolitano del Agua 2024, organizado por la Mesa Ciudadana del Agua de la zona sur, presidida por Luis Apperti Llovet, y que se celebr\u00f3 en el &hellip;<\/p>\n","protected":false},"author":1,"featured_media":11931,"comment_status":"open","ping_status":"open","sticky":false,"template":"","format":"standard","meta":{"footnotes":""},"categories":[39],"tags":[],"class_list":["post-11930","post","type-post","status-publish","format-standard","has-post-thumbnail","","category-tamaulipas"],"_links":{"self":[{"href":"https:\/\/www.radiointeractivo.com.mx\/index.php?rest_route=\/wp\/v2\/posts\/11930","targetHints":{"allow":["GET"]}}],"collection":[{"href":"https:\/\/www.radiointeractivo.com.mx\/index.php?rest_route=\/wp\/v2\/posts"}],"about":[{"href":"https:\/\/www.radiointeractivo.com.mx\/index.php?rest_route=\/wp\/v2\/types\/post"}],"author":[{"embeddable":true,"href":"https:\/\/www.radiointeractivo.com.mx\/index.php?rest_route=\/wp\/v2\/users\/1"}],"replies":[{"embeddable":true,"href":"https:\/\/www.radiointeractivo.com.mx\/index.php?rest_route=%2Fwp%2Fv2%2Fcomments&post=11930"}],"version-history":[{"count":1,"href":"https:\/\/www.radiointeractivo.com.mx\/index.php?rest_route=\/wp\/v2\/posts\/11930\/revisions"}],"predecessor-version":[{"id":11932,"href":"https:\/\/www.radiointeractivo.com.mx\/index.php?rest_route=\/wp\/v2\/posts\/11930\/revisions\/11932"}],"wp:featuredmedia":[{"embeddable":true,"href":"https:\/\/www.radiointeractivo.com.mx\/index.php?rest_route=\/wp\/v2\/media\/11931"}],"wp:attachment":[{"href":"https:\/\/www.radiointeractivo.com.mx\/index.php?rest_route=%2Fwp%2Fv2%2Fmedia&parent=11930"}],"wp:term":[{"taxonomy":"category","embeddable":true,"href":"https:\/\/www.radiointeractivo.com.mx\/index.php?rest_route=%2Fwp%2Fv2%2Fcategories&post=11930"},{"taxonomy":"post_tag","embeddable":true,"href":"https:\/\/www.radiointeractivo.com.mx\/index.php?rest_route=%2Fwp%2Fv2%2Ftags&post=11930"}],"curies":[{"name":"wp","href":"https:\/\/api.w.org\/{rel}","templated":true}]}}