{"id":11920,"date":"2024-12-02T22:56:25","date_gmt":"2024-12-03T04:56:25","guid":{"rendered":"https:\/\/www.radiointeractivo.com.mx\/?p=11920"},"modified":"2024-12-02T22:56:26","modified_gmt":"2024-12-03T04:56:26","slug":"llevan-show-de-fauna-viva-a-ninas-y-ninos-del-crit-altamira","status":"publish","type":"post","link":"https:\/\/www.radiointeractivo.com.mx\/?p=11920","title":{"rendered":"Llevan show de fauna viva a ni\u00f1as y ni\u00f1os del CRIT Altamira"},"content":{"rendered":"\n<figure class=\"wp-block-image size-large\"><img loading=\"lazy\" decoding=\"async\" width=\"1024\" height=\"768\" src=\"https:\/\/www.radiointeractivo.com.mx\/wp-content\/uploads\/2024\/12\/WhatsApp-Image-2024-12-02-at-3.59.25-PM-1024x768.jpeg\" alt=\"\" class=\"wp-image-11921\" srcset=\"https:\/\/www.radiointeractivo.com.mx\/wp-content\/uploads\/2024\/12\/WhatsApp-Image-2024-12-02-at-3.59.25-PM-1024x768.jpeg 1024w, https:\/\/www.radiointeractivo.com.mx\/wp-content\/uploads\/2024\/12\/WhatsApp-Image-2024-12-02-at-3.59.25-PM-300x225.jpeg 300w, https:\/\/www.radiointeractivo.com.mx\/wp-content\/uploads\/2024\/12\/WhatsApp-Image-2024-12-02-at-3.59.25-PM-768x576.jpeg 768w, https:\/\/www.radiointeractivo.com.mx\/wp-content\/uploads\/2024\/12\/WhatsApp-Image-2024-12-02-at-3.59.25-PM-1536x1152.jpeg 1536w, https:\/\/www.radiointeractivo.com.mx\/wp-content\/uploads\/2024\/12\/WhatsApp-Image-2024-12-02-at-3.59.25-PM.jpeg 1600w\" sizes=\"auto, (max-width: 1024px) 100vw, 1024px\" \/><\/figure>\n\n\n\n<p>Por: Agencias<\/p>\n\n\n\n<p>Altamira, Tamaulipas.- Risas, entusiasmo y esp\u00edritu navide\u00f1o llenaron el Centro de Rehabilitaci\u00f3n Infantil Telet\u00f3n (CRIT) de Altamira, donde ni\u00f1as y ni\u00f1os disfrutaron de una posada organizada en el patio de las instalaciones. Entre pi\u00f1atas, pastel, dulces y un show de animales, la jornada se convirti\u00f3 en una experiencia \u00fanica para los peque\u00f1os.<\/p>\n\n\n\n<p>La celebraci\u00f3n cont\u00f3 con la participaci\u00f3n de la Secretar\u00eda de Desarrollo Urbano y Medio Ambiente (SEDUMA), que, a trav\u00e9s de la Comisi\u00f3n de Caza y Pesca Deportiva, present\u00f3 el proyecto &#8220;La Fauna Viva en tu Escuela&#8221;.<\/p>\n\n\n\n<p>\u201cEl objetivo es acercar a los ni\u00f1os y j\u00f3venes al conocimiento de la diversidad zool\u00f3gica y bot\u00e1nica, mientras se contribuye a su rehabilitaci\u00f3n mediante experiencias significativas\u201d, explic\u00f3 Luis Eduardo Garc\u00eda Reyes, vocal ejecutivo de la comisi\u00f3n.<\/p>\n\n\n\n<p>El evento no solo promovi\u00f3 el cuidado y respeto por los animales, sino que tambi\u00e9n busc\u00f3 inspirar y ense\u00f1ar a trav\u00e9s del contacto con la naturaleza. Las actividades incluyeron una presentaci\u00f3n interactiva con animales, captando la atenci\u00f3n y el entusiasmo de los asistentes.<\/p>\n\n\n\n<p>Antes de la posada, las instalaciones del CRIT Altamira fueron decoradas con un pino navide\u00f1o y un nacimiento, que a\u00f1adieron calidez al inicio de las festividades decembrinas.<\/p>\n\n\n\n<p>Garc\u00eda Reyes subray\u00f3 que este tipo de eventos forma parte de un enfoque integral del Gobierno del Estado para potenciar el bienestar y desarrollo de los ni\u00f1os en situaci\u00f3n de discapacidad que reciben apoyo en el centro.<\/p>\n\n\n\n<p>Adem\u00e1s del show de fauna viva, el evento incluy\u00f3 rifas, presentaciones art\u00edsticas y la venta de alimentos y productos, fomentando la participaci\u00f3n de la comunidad y recaudando fondos en beneficio del CRIT.<\/p>\n\n\n\n<p>Con actividades como esta, la SEDUMA, a trav\u00e9s de la Comisi\u00f3n de Caza y Pesca Deportiva, reafirma su compromiso de crear espacios llenos de aprendizaje, alegr\u00eda y esperanza. Este esfuerzo tambi\u00e9n refleja el compromiso del gobernador Am\u00e9rico Villarreal Anaya con las familias de Tamaulipas, fortaleciendo acciones que impactan positivamente en la rehabilitaci\u00f3n y desarrollo de ni\u00f1as y ni\u00f1os.<\/p>\n","protected":false},"excerpt":{"rendered":"<p>Por: Agencias Altamira, Tamaulipas.- Risas, entusiasmo y esp\u00edritu navide\u00f1o llenaron el Centro de Rehabilitaci\u00f3n Infantil Telet\u00f3n (CRIT) de Altamira, donde ni\u00f1as y ni\u00f1os disfrutaron de una posada organizada en el patio de las instalaciones. Entre pi\u00f1atas, pastel, dulces y un show de animales, la jornada se convirti\u00f3 en una experiencia \u00fanica para los peque\u00f1os. La &hellip;<\/p>\n","protected":false},"author":1,"featured_media":11922,"comment_status":"open","ping_status":"open","sticky":false,"template":"","format":"standard","meta":{"footnotes":""},"categories":[39],"tags":[],"class_list":["post-11920","post","type-post","status-publish","format-standard","has-post-thumbnail","","category-tamaulipas"],"_links":{"self":[{"href":"https:\/\/www.radiointeractivo.com.mx\/index.php?rest_route=\/wp\/v2\/posts\/11920","targetHints":{"allow":["GET"]}}],"collection":[{"href":"https:\/\/www.radiointeractivo.com.mx\/index.php?rest_route=\/wp\/v2\/posts"}],"about":[{"href":"https:\/\/www.radiointeractivo.com.mx\/index.php?rest_route=\/wp\/v2\/types\/post"}],"author":[{"embeddable":true,"href":"https:\/\/www.radiointeractivo.com.mx\/index.php?rest_route=\/wp\/v2\/users\/1"}],"replies":[{"embeddable":true,"href":"https:\/\/www.radiointeractivo.com.mx\/index.php?rest_route=%2Fwp%2Fv2%2Fcomments&post=11920"}],"version-history":[{"count":1,"href":"https:\/\/www.radiointeractivo.com.mx\/index.php?rest_route=\/wp\/v2\/posts\/11920\/revisions"}],"predecessor-version":[{"id":11923,"href":"https:\/\/www.radiointeractivo.com.mx\/index.php?rest_route=\/wp\/v2\/posts\/11920\/revisions\/11923"}],"wp:featuredmedia":[{"embeddable":true,"href":"https:\/\/www.radiointeractivo.com.mx\/index.php?rest_route=\/wp\/v2\/media\/11922"}],"wp:attachment":[{"href":"https:\/\/www.radiointeractivo.com.mx\/index.php?rest_route=%2Fwp%2Fv2%2Fmedia&parent=11920"}],"wp:term":[{"taxonomy":"category","embeddable":true,"href":"https:\/\/www.radiointeractivo.com.mx\/index.php?rest_route=%2Fwp%2Fv2%2Fcategories&post=11920"},{"taxonomy":"post_tag","embeddable":true,"href":"https:\/\/www.radiointeractivo.com.mx\/index.php?rest_route=%2Fwp%2Fv2%2Ftags&post=11920"}],"curies":[{"name":"wp","href":"https:\/\/api.w.org\/{rel}","templated":true}]}}