{"id":11811,"date":"2024-11-28T14:29:24","date_gmt":"2024-11-28T20:29:24","guid":{"rendered":"https:\/\/www.radiointeractivo.com.mx\/?p=11811"},"modified":"2024-11-28T14:29:25","modified_gmt":"2024-11-28T20:29:25","slug":"sera-tampico-sede-del-congreso-internacional-de-energia-tamaulipas-2025","status":"publish","type":"post","link":"https:\/\/www.radiointeractivo.com.mx\/?p=11811","title":{"rendered":"Ser\u00e1 Tampico sede del Congreso Internacional de Energ\u00eda Tamaulipas 2025"},"content":{"rendered":"\n<figure class=\"wp-block-image size-large\"><img loading=\"lazy\" decoding=\"async\" width=\"1024\" height=\"682\" src=\"https:\/\/www.radiointeractivo.com.mx\/wp-content\/uploads\/2024\/11\/WhatsApp-Image-2024-11-28-at-2.09.02-PM-1024x682.jpeg\" alt=\"\" class=\"wp-image-11812\" srcset=\"https:\/\/www.radiointeractivo.com.mx\/wp-content\/uploads\/2024\/11\/WhatsApp-Image-2024-11-28-at-2.09.02-PM-1024x682.jpeg 1024w, https:\/\/www.radiointeractivo.com.mx\/wp-content\/uploads\/2024\/11\/WhatsApp-Image-2024-11-28-at-2.09.02-PM-300x200.jpeg 300w, https:\/\/www.radiointeractivo.com.mx\/wp-content\/uploads\/2024\/11\/WhatsApp-Image-2024-11-28-at-2.09.02-PM-768x512.jpeg 768w, https:\/\/www.radiointeractivo.com.mx\/wp-content\/uploads\/2024\/11\/WhatsApp-Image-2024-11-28-at-2.09.02-PM-1536x1023.jpeg 1536w, https:\/\/www.radiointeractivo.com.mx\/wp-content\/uploads\/2024\/11\/WhatsApp-Image-2024-11-28-at-2.09.02-PM-310x205.jpeg 310w, https:\/\/www.radiointeractivo.com.mx\/wp-content\/uploads\/2024\/11\/WhatsApp-Image-2024-11-28-at-2.09.02-PM.jpeg 1600w\" sizes=\"auto, (max-width: 1024px) 100vw, 1024px\" \/><\/figure>\n\n\n\n<p>Por: Agencias<\/p>\n\n\n\n<p>Tampico, Tamaulipas.- Tampico ser\u00e1 sede del Congreso Internacional de Energ\u00eda Tamaulipas 2025, que se desarrollar\u00e1 en Tampico, anunci\u00f3 el secretario de Desarrollo Energ\u00e9tico Jos\u00e9 Ram\u00f3n Silva Arizabalo.<\/p>\n\n\n\n<p>Durante la presentaci\u00f3n oficial del congreso en la Expo Tampico, donde se llevar\u00e1 a cabo este evento en el mes de marzo, Jos\u00e9 Ram\u00f3n Silva destac\u00f3 que servir\u00e1 como un punto de actualizaci\u00f3n para la industria, siendo clave para estrechar conexiones en la cadena de proveedores que operan en Tamaulipas.<\/p>\n\n\n\n<p>Se\u00f1al\u00f3 que participar\u00e1n un promedio de 80 empresas, las cuales estar\u00e1n involucradas en las actividades del congreso.<\/p>\n\n\n\n<p>\u201cSon alrededor de 80 empresas ya confirmadas; algunas de ellas pertenecen al sector de hidrocarburos y otras al de energ\u00edas renovables. Tambi\u00e9n contaremos con la presencia de empresas de generaci\u00f3n de energ\u00eda y compa\u00f1\u00edas de gran escala a nivel internacional\u201d, coment\u00f3.<\/p>\n\n\n\n<p>Adem\u00e1s, destac\u00f3 que la zona sur del estado recibir\u00e1 una importante derrama econ\u00f3mica gracias a este congreso.<\/p>\n\n\n\n<p>\u201cSe estima una derrama econ\u00f3mica de alrededor de 50 millones de pesos, con un gasto promedio de mil 700 pesos por cada persona que visite la zona durante los tres o cuatro d\u00edas que dure el congreso\u201d, puntualiz\u00f3.<\/p>\n\n\n\n<p>El Congreso Internacional de Energ\u00eda Tamaulipas 2025 se celebrar\u00e1 del 19 al 21 de marzo en Tampico, Tamaulipas, donde se espera la participaci\u00f3n de funcionarios del gobierno federal y representantes de empresas como Pemex y Woodside Energy.<\/p>\n\n\n\n<p>En la rueda de prensa estuvieron presentes Karime C\u00e1mara, directora de Turismo en Tampico; Miguel Leiva Amour, presidente del Cl\u00faster de Desarrollo Energ\u00e9tico de Tamaulipas; David Abel Hern\u00e1ndez, gerente de AISTAC; C\u00e9sar Reyes Ram\u00edrez de Alba, presidente del Cl\u00faster CEGISTAM; y Juan Pablo Mora, de Oil and Gas Alliance.<\/p>\n","protected":false},"excerpt":{"rendered":"<p>Por: Agencias Tampico, Tamaulipas.- Tampico ser\u00e1 sede del Congreso Internacional de Energ\u00eda Tamaulipas 2025, que se desarrollar\u00e1 en Tampico, anunci\u00f3 el secretario de Desarrollo Energ\u00e9tico Jos\u00e9 Ram\u00f3n Silva Arizabalo. Durante la presentaci\u00f3n oficial del congreso en la Expo Tampico, donde se llevar\u00e1 a cabo este evento en el mes de marzo, Jos\u00e9 Ram\u00f3n Silva destac\u00f3 &hellip;<\/p>\n","protected":false},"author":1,"featured_media":11812,"comment_status":"open","ping_status":"open","sticky":false,"template":"","format":"standard","meta":{"footnotes":""},"categories":[39],"tags":[],"class_list":["post-11811","post","type-post","status-publish","format-standard","has-post-thumbnail","","category-tamaulipas"],"_links":{"self":[{"href":"https:\/\/www.radiointeractivo.com.mx\/index.php?rest_route=\/wp\/v2\/posts\/11811","targetHints":{"allow":["GET"]}}],"collection":[{"href":"https:\/\/www.radiointeractivo.com.mx\/index.php?rest_route=\/wp\/v2\/posts"}],"about":[{"href":"https:\/\/www.radiointeractivo.com.mx\/index.php?rest_route=\/wp\/v2\/types\/post"}],"author":[{"embeddable":true,"href":"https:\/\/www.radiointeractivo.com.mx\/index.php?rest_route=\/wp\/v2\/users\/1"}],"replies":[{"embeddable":true,"href":"https:\/\/www.radiointeractivo.com.mx\/index.php?rest_route=%2Fwp%2Fv2%2Fcomments&post=11811"}],"version-history":[{"count":1,"href":"https:\/\/www.radiointeractivo.com.mx\/index.php?rest_route=\/wp\/v2\/posts\/11811\/revisions"}],"predecessor-version":[{"id":11813,"href":"https:\/\/www.radiointeractivo.com.mx\/index.php?rest_route=\/wp\/v2\/posts\/11811\/revisions\/11813"}],"wp:featuredmedia":[{"embeddable":true,"href":"https:\/\/www.radiointeractivo.com.mx\/index.php?rest_route=\/wp\/v2\/media\/11812"}],"wp:attachment":[{"href":"https:\/\/www.radiointeractivo.com.mx\/index.php?rest_route=%2Fwp%2Fv2%2Fmedia&parent=11811"}],"wp:term":[{"taxonomy":"category","embeddable":true,"href":"https:\/\/www.radiointeractivo.com.mx\/index.php?rest_route=%2Fwp%2Fv2%2Fcategories&post=11811"},{"taxonomy":"post_tag","embeddable":true,"href":"https:\/\/www.radiointeractivo.com.mx\/index.php?rest_route=%2Fwp%2Fv2%2Ftags&post=11811"}],"curies":[{"name":"wp","href":"https:\/\/api.w.org\/{rel}","templated":true}]}}