{"id":11766,"date":"2024-11-27T15:19:06","date_gmt":"2024-11-27T21:19:06","guid":{"rendered":"https:\/\/www.radiointeractivo.com.mx\/?p=11766"},"modified":"2024-11-27T15:19:08","modified_gmt":"2024-11-27T21:19:08","slug":"inauguran-cinco-sucursales-de-farmacias-del-ahorro-en-victoria","status":"publish","type":"post","link":"https:\/\/www.radiointeractivo.com.mx\/?p=11766","title":{"rendered":"Inauguran cinco sucursales de Farmacias del Ahorro en Victoria"},"content":{"rendered":"\n<figure class=\"wp-block-image size-large\"><img loading=\"lazy\" decoding=\"async\" width=\"1024\" height=\"657\" src=\"https:\/\/www.radiointeractivo.com.mx\/wp-content\/uploads\/2024\/11\/WhatsApp-Image-2024-11-27-at-1.46.05-PM-1024x657.jpeg\" alt=\"\" class=\"wp-image-11767\" srcset=\"https:\/\/www.radiointeractivo.com.mx\/wp-content\/uploads\/2024\/11\/WhatsApp-Image-2024-11-27-at-1.46.05-PM-1024x657.jpeg 1024w, https:\/\/www.radiointeractivo.com.mx\/wp-content\/uploads\/2024\/11\/WhatsApp-Image-2024-11-27-at-1.46.05-PM-300x193.jpeg 300w, https:\/\/www.radiointeractivo.com.mx\/wp-content\/uploads\/2024\/11\/WhatsApp-Image-2024-11-27-at-1.46.05-PM-768x493.jpeg 768w, https:\/\/www.radiointeractivo.com.mx\/wp-content\/uploads\/2024\/11\/WhatsApp-Image-2024-11-27-at-1.46.05-PM.jpeg 1402w\" sizes=\"auto, (max-width: 1024px) 100vw, 1024px\" \/><\/figure>\n\n\n\n<p>-Destaca la empresa apoyo del gobierno del estado para impulsar su crecimiento en Tamaulipas<\/p>\n\n\n\n<p>Por: Agencias<\/p>\n\n\n\n<p>Ciudad Victoria, Tamaulipas.- Gracias a la pol\u00edtica econ\u00f3mica del gobernador Am\u00e9rico Villarreal que genera las condiciones \u00f3ptimas para la inversi\u00f3n y el desarrollo empresarial, Farmacias del Ahorro inaugur\u00f3 cinco nuevas sucursales en Ciudad Victoria como parte de su proyecto de expansi\u00f3n en Tamaulipas.<\/p>\n\n\n\n<p>En representaci\u00f3n de la secretaria de Econom\u00eda, Ninfa Cant\u00fa De\u00e1ndar, la subsecretaria de Peque\u00f1as y medianas Empresas, Mariana \u00c1lvarez se\u00f1al\u00f3 que la apertura de las nuevas unidades de la empresa es reflejo del crecimiento econ\u00f3mico en el estado y de la labor conjunta entre gobierno y empresas para crear empleos de calidad que incidan en el bienestar de los tamaulipecos.<\/p>\n\n\n\n<p>Por su parte, Farmacias del Ahorro destac\u00f3 el apoyo de las autoridades estatales para su crecimiento en el estado. &#8220;Gracias al Gobierno del Estado, hemos ampliado nuestra presencia para ofrecer productos y servicios de salud a m\u00e1s personas en esta ciudad&#8221;, dio a conocer la empresa.<\/p>\n\n\n\n<p>Las nuevas unidades en la capital del estado son: Sucursal Tijerina, ubicada en el 8 Abasolo; Sucursal La Salle en LIB. Naciones Unidas 1021; Sucursal 19 Carrera ubicada en el 19; Sucursal Bicentenario en Carr. Federal 6 y Sucursal Campestre en Avenida del Valle.<\/p>\n\n\n\n<p>El proyecto de crecimiento de Farmacias del Ahorro contempla la apertura de sucursales en el estado con una inversi\u00f3n total 950 millones de pesos y 2,400 empleos en las diferentes regiones del estado.<\/p>\n","protected":false},"excerpt":{"rendered":"<p>-Destaca la empresa apoyo del gobierno del estado para impulsar su crecimiento en Tamaulipas Por: Agencias Ciudad Victoria, Tamaulipas.- Gracias a la pol\u00edtica econ\u00f3mica del gobernador Am\u00e9rico Villarreal que genera las condiciones \u00f3ptimas para la inversi\u00f3n y el desarrollo empresarial, Farmacias del Ahorro inaugur\u00f3 cinco nuevas sucursales en Ciudad Victoria como parte de su proyecto &hellip;<\/p>\n","protected":false},"author":1,"featured_media":11767,"comment_status":"open","ping_status":"open","sticky":false,"template":"","format":"standard","meta":{"footnotes":""},"categories":[39],"tags":[],"class_list":["post-11766","post","type-post","status-publish","format-standard","has-post-thumbnail","","category-tamaulipas"],"_links":{"self":[{"href":"https:\/\/www.radiointeractivo.com.mx\/index.php?rest_route=\/wp\/v2\/posts\/11766","targetHints":{"allow":["GET"]}}],"collection":[{"href":"https:\/\/www.radiointeractivo.com.mx\/index.php?rest_route=\/wp\/v2\/posts"}],"about":[{"href":"https:\/\/www.radiointeractivo.com.mx\/index.php?rest_route=\/wp\/v2\/types\/post"}],"author":[{"embeddable":true,"href":"https:\/\/www.radiointeractivo.com.mx\/index.php?rest_route=\/wp\/v2\/users\/1"}],"replies":[{"embeddable":true,"href":"https:\/\/www.radiointeractivo.com.mx\/index.php?rest_route=%2Fwp%2Fv2%2Fcomments&post=11766"}],"version-history":[{"count":1,"href":"https:\/\/www.radiointeractivo.com.mx\/index.php?rest_route=\/wp\/v2\/posts\/11766\/revisions"}],"predecessor-version":[{"id":11768,"href":"https:\/\/www.radiointeractivo.com.mx\/index.php?rest_route=\/wp\/v2\/posts\/11766\/revisions\/11768"}],"wp:featuredmedia":[{"embeddable":true,"href":"https:\/\/www.radiointeractivo.com.mx\/index.php?rest_route=\/wp\/v2\/media\/11767"}],"wp:attachment":[{"href":"https:\/\/www.radiointeractivo.com.mx\/index.php?rest_route=%2Fwp%2Fv2%2Fmedia&parent=11766"}],"wp:term":[{"taxonomy":"category","embeddable":true,"href":"https:\/\/www.radiointeractivo.com.mx\/index.php?rest_route=%2Fwp%2Fv2%2Fcategories&post=11766"},{"taxonomy":"post_tag","embeddable":true,"href":"https:\/\/www.radiointeractivo.com.mx\/index.php?rest_route=%2Fwp%2Fv2%2Ftags&post=11766"}],"curies":[{"name":"wp","href":"https:\/\/api.w.org\/{rel}","templated":true}]}}