{"id":11763,"date":"2024-11-27T15:16:40","date_gmt":"2024-11-27T21:16:40","guid":{"rendered":"https:\/\/www.radiointeractivo.com.mx\/?p=11763"},"modified":"2024-11-27T15:16:41","modified_gmt":"2024-11-27T21:16:41","slug":"firma-jose-ramon-silva-compromiso-con-la-alianza-por-una-movilidad-sostenible-para-todos","status":"publish","type":"post","link":"https:\/\/www.radiointeractivo.com.mx\/?p=11763","title":{"rendered":"Firma Jos\u00e9 Ram\u00f3n Silva compromiso con la Alianza por una Movilidad Sostenible para Todos"},"content":{"rendered":"\n<figure class=\"wp-block-image size-large\"><img loading=\"lazy\" decoding=\"async\" width=\"1024\" height=\"768\" src=\"https:\/\/www.radiointeractivo.com.mx\/wp-content\/uploads\/2024\/11\/WhatsApp-Image-2024-11-27-at-11.57.56-AM-1024x768.jpeg\" alt=\"\" class=\"wp-image-11764\" srcset=\"https:\/\/www.radiointeractivo.com.mx\/wp-content\/uploads\/2024\/11\/WhatsApp-Image-2024-11-27-at-11.57.56-AM-1024x768.jpeg 1024w, https:\/\/www.radiointeractivo.com.mx\/wp-content\/uploads\/2024\/11\/WhatsApp-Image-2024-11-27-at-11.57.56-AM-300x225.jpeg 300w, https:\/\/www.radiointeractivo.com.mx\/wp-content\/uploads\/2024\/11\/WhatsApp-Image-2024-11-27-at-11.57.56-AM-768x576.jpeg 768w, https:\/\/www.radiointeractivo.com.mx\/wp-content\/uploads\/2024\/11\/WhatsApp-Image-2024-11-27-at-11.57.56-AM-1536x1152.jpeg 1536w, https:\/\/www.radiointeractivo.com.mx\/wp-content\/uploads\/2024\/11\/WhatsApp-Image-2024-11-27-at-11.57.56-AM.jpeg 1600w\" sizes=\"auto, (max-width: 1024px) 100vw, 1024px\" \/><\/figure>\n\n\n\n<p>Por: Agencias<\/p>\n\n\n\n<p>Ciudad de M\u00e9xico.- Como parte de los compromisos del gobernador Am\u00e9rico Villarreal en busca de un futuro m\u00e1s sostenible y equitativo para Tamaulipas, el secretario de Desarrollo Energ\u00e9tico, Jos\u00e9 Ram\u00f3n Silva, formaliz\u00f3 un compromiso con la Alianza por una Movilidad Sostenible para Todos.<\/p>\n\n\n\n<p>En el marco del lanzamiento de este programa, impulsado por Sostenibilidad Global, Jos\u00e9 Ram\u00f3n Silva asisti\u00f3 y dio un paso para que el estado siga transform\u00e1ndose desde la sustentabilidad, con la meta de implementar proyectos de movilidad sostenible.<\/p>\n\n\n\n<p>\u201cEn Tamaulipas estamos comprometidos con la promoci\u00f3n de pr\u00e1cticas sostenibles en todos los sectores, y la movilidad no es la excepci\u00f3n. Esta alianza representa una oportunidad \u00fanica para unir esfuerzos, compartir conocimientos y desarrollar soluciones innovadoras que beneficien a todas y todos\u201d, destac\u00f3 el secretario de Desarrollo Energ\u00e9tico.<\/p>\n\n\n\n<p>En la firma de este compromiso particip\u00f3 Isabel Studer, presidenta de la Alianza por una Movilidad Sostenible para Todos, quien enfatiz\u00f3 la importancia de trabajar de la mano con el gobierno humanista del doctor Am\u00e9rico Villarreal para cumplir los objetivos de sostenibilidad.<\/p>\n\n\n\n<p>Jos\u00e9 Ram\u00f3n Silva invit\u00f3 a seguir sumando voluntades para ser parte del cambio.<\/p>\n\n\n\n<p>\u201cInvito a todos los presentes a sumar voluntades para trabajar juntos y ser parte del cambio. La movilidad sostenible es una responsabilidad compartida y, con la colaboraci\u00f3n de todos, podemos lograr grandes avances\u201d, finaliz\u00f3.<\/p>\n","protected":false},"excerpt":{"rendered":"<p>Por: Agencias Ciudad de M\u00e9xico.- Como parte de los compromisos del gobernador Am\u00e9rico Villarreal en busca de un futuro m\u00e1s sostenible y equitativo para Tamaulipas, el secretario de Desarrollo Energ\u00e9tico, Jos\u00e9 Ram\u00f3n Silva, formaliz\u00f3 un compromiso con la Alianza por una Movilidad Sostenible para Todos. En el marco del lanzamiento de este programa, impulsado por &hellip;<\/p>\n","protected":false},"author":1,"featured_media":11764,"comment_status":"open","ping_status":"open","sticky":false,"template":"","format":"standard","meta":{"footnotes":""},"categories":[39],"tags":[],"class_list":["post-11763","post","type-post","status-publish","format-standard","has-post-thumbnail","","category-tamaulipas"],"_links":{"self":[{"href":"https:\/\/www.radiointeractivo.com.mx\/index.php?rest_route=\/wp\/v2\/posts\/11763","targetHints":{"allow":["GET"]}}],"collection":[{"href":"https:\/\/www.radiointeractivo.com.mx\/index.php?rest_route=\/wp\/v2\/posts"}],"about":[{"href":"https:\/\/www.radiointeractivo.com.mx\/index.php?rest_route=\/wp\/v2\/types\/post"}],"author":[{"embeddable":true,"href":"https:\/\/www.radiointeractivo.com.mx\/index.php?rest_route=\/wp\/v2\/users\/1"}],"replies":[{"embeddable":true,"href":"https:\/\/www.radiointeractivo.com.mx\/index.php?rest_route=%2Fwp%2Fv2%2Fcomments&post=11763"}],"version-history":[{"count":1,"href":"https:\/\/www.radiointeractivo.com.mx\/index.php?rest_route=\/wp\/v2\/posts\/11763\/revisions"}],"predecessor-version":[{"id":11765,"href":"https:\/\/www.radiointeractivo.com.mx\/index.php?rest_route=\/wp\/v2\/posts\/11763\/revisions\/11765"}],"wp:featuredmedia":[{"embeddable":true,"href":"https:\/\/www.radiointeractivo.com.mx\/index.php?rest_route=\/wp\/v2\/media\/11764"}],"wp:attachment":[{"href":"https:\/\/www.radiointeractivo.com.mx\/index.php?rest_route=%2Fwp%2Fv2%2Fmedia&parent=11763"}],"wp:term":[{"taxonomy":"category","embeddable":true,"href":"https:\/\/www.radiointeractivo.com.mx\/index.php?rest_route=%2Fwp%2Fv2%2Fcategories&post=11763"},{"taxonomy":"post_tag","embeddable":true,"href":"https:\/\/www.radiointeractivo.com.mx\/index.php?rest_route=%2Fwp%2Fv2%2Ftags&post=11763"}],"curies":[{"name":"wp","href":"https:\/\/api.w.org\/{rel}","templated":true}]}}