{"id":11738,"date":"2024-11-26T22:52:34","date_gmt":"2024-11-27T04:52:34","guid":{"rendered":"https:\/\/www.radiointeractivo.com.mx\/?p=11738"},"modified":"2024-11-26T22:52:36","modified_gmt":"2024-11-27T04:52:36","slug":"tamaulipas-cuarto-estado-nacional-en-instalar-el-comite-estatal-de-fomento-laboral-penitenciario-2025","status":"publish","type":"post","link":"https:\/\/www.radiointeractivo.com.mx\/?p=11738","title":{"rendered":"Tamaulipas, cuarto estado nacional en instalar el Comit\u00e9 Estatal de Fomento Laboral Penitenciario 2025"},"content":{"rendered":"\n<figure class=\"wp-block-image size-large\"><img loading=\"lazy\" decoding=\"async\" width=\"1024\" height=\"682\" src=\"https:\/\/www.radiointeractivo.com.mx\/wp-content\/uploads\/2024\/11\/WhatsApp-Image-2024-11-26-at-6.28.03-PM-1024x682.jpeg\" alt=\"\" class=\"wp-image-11739\" srcset=\"https:\/\/www.radiointeractivo.com.mx\/wp-content\/uploads\/2024\/11\/WhatsApp-Image-2024-11-26-at-6.28.03-PM-1024x682.jpeg 1024w, https:\/\/www.radiointeractivo.com.mx\/wp-content\/uploads\/2024\/11\/WhatsApp-Image-2024-11-26-at-6.28.03-PM-300x200.jpeg 300w, https:\/\/www.radiointeractivo.com.mx\/wp-content\/uploads\/2024\/11\/WhatsApp-Image-2024-11-26-at-6.28.03-PM-768x512.jpeg 768w, https:\/\/www.radiointeractivo.com.mx\/wp-content\/uploads\/2024\/11\/WhatsApp-Image-2024-11-26-at-6.28.03-PM-1536x1023.jpeg 1536w, https:\/\/www.radiointeractivo.com.mx\/wp-content\/uploads\/2024\/11\/WhatsApp-Image-2024-11-26-at-6.28.03-PM-310x205.jpeg 310w, https:\/\/www.radiointeractivo.com.mx\/wp-content\/uploads\/2024\/11\/WhatsApp-Image-2024-11-26-at-6.28.03-PM.jpeg 1600w\" sizes=\"auto, (max-width: 1024px) 100vw, 1024px\" \/><\/figure>\n\n\n\n<p>-Se apoyan y respetan derechos laborales de personas privadas de su libertad: Gerardo Illoldi<\/p>\n\n\n\n<p>Por: Agencias<\/p>\n\n\n\n<p>Ciudad Victoria, Tamaulipas. &#8211; Con el prop\u00f3sito de promover la regulaci\u00f3n del trabajo al interior de los centros penitenciarios en Tamaulipas, se llev\u00f3 a cabo la instalaci\u00f3n del Comit\u00e9 Estatal de Fomento Laboral Penitenciario 2025, con el apoyo de la Secretar\u00eda del Trabajo y Previsi\u00f3n Social de la Federaci\u00f3n, lo que representa un paso hist\u00f3rico en favor de los derechos de las personas que se encuentran privadas de su libertad.<\/p>\n\n\n\n<p>Este comit\u00e9 es para facilitar la reinserci\u00f3n social y laboral de las personas, as\u00ed como promover la regulaci\u00f3n del trabajo al interior de los centros penitenciarios e impulsando la vinculaci\u00f3n laboral una vez que hayan cumplido su sentencia.<\/p>\n\n\n\n<p>A nombre del gobernador Am\u00e9rico Villarreal Anaya, el titular de la Secretar\u00eda del Trabajo y Previsi\u00f3n Social de Tamaulipas, Gerardo Illoldi, agradeci\u00f3 la asistencia t\u00e9cnica de la secretar\u00eda federal, representada en este evento por Claudio Frausto Lara, director general de Pol\u00edticas P\u00fablicas y \u00d3rganos de Gobierno, as\u00ed como Gabriel Alejandro Tamariz S\u00e1nchez, titular de la Unidad de Pol\u00edtica Laboral y Relaciones Institucionales de la STPS, para concretar en la entidad la instalaci\u00f3n del comit\u00e9, porque sus acciones buscan la dignificaci\u00f3n de estas personas con una visi\u00f3n humanista.<\/p>\n\n\n\n<p>Illoldi Reyes se\u00f1al\u00f3 que la instalaci\u00f3n se realiza atendiendo la recomendaci\u00f3n 44\/2021 de la Comisi\u00f3n Nacional de los Derechos Humanos y sum\u00e1ndose a las tres entidades que en el pa\u00eds han realizado este proceso; por lo que hizo el compromiso de seguir uniendo esfuerzos en beneficio de la reinserci\u00f3n laboral de las personas que han sido privadas de su libertad.<\/p>\n\n\n\n<p>Gabriel Alejandro Tamariz, a nombre del secretario Marath Baruch Bola\u00f1os L\u00f3pez, felicit\u00f3 a los integrantes del comit\u00e9 as\u00ed como al secretario Gerardo Illoldi, por que estas acciones representan un avance importante en favor de los derechos de las personas privadas de su libertad.<\/p>\n\n\n\n<p>&#8220;Esto habla no solo de voluntad pol\u00edtica sino tambi\u00e9n del compromiso de cada uno de los integrantes del comit\u00e9, que seguramente realizar\u00e1n grandes acciones a partir de la coordinaci\u00f3n institucional entre los diferentes \u00f3rdenes de gobierno, porque es el Estado el que debe garantizar el derecho al trabajo digno a las personas privadas de la libertad en los centros penitenciarios de la Rep\u00fablica Mexicana&#8221;<\/p>\n\n\n\n<p>Destac\u00f3 que en el Plan Estatal de Desarrollo est\u00e1 el objetivo para este fin, que se sintoniza perfectamente con los esfuerzos para promover una reinserci\u00f3n efectiva de las personas adultas sentenciadas y las personas adolescentes con medidas privativas y no privativas de la libertad.<\/p>\n","protected":false},"excerpt":{"rendered":"<p>-Se apoyan y respetan derechos laborales de personas privadas de su libertad: Gerardo Illoldi Por: Agencias Ciudad Victoria, Tamaulipas. &#8211; Con el prop\u00f3sito de promover la regulaci\u00f3n del trabajo al interior de los centros penitenciarios en Tamaulipas, se llev\u00f3 a cabo la instalaci\u00f3n del Comit\u00e9 Estatal de Fomento Laboral Penitenciario 2025, con el apoyo de &hellip;<\/p>\n","protected":false},"author":1,"featured_media":11739,"comment_status":"open","ping_status":"open","sticky":false,"template":"","format":"standard","meta":{"footnotes":""},"categories":[39],"tags":[],"class_list":["post-11738","post","type-post","status-publish","format-standard","has-post-thumbnail","","category-tamaulipas"],"_links":{"self":[{"href":"https:\/\/www.radiointeractivo.com.mx\/index.php?rest_route=\/wp\/v2\/posts\/11738","targetHints":{"allow":["GET"]}}],"collection":[{"href":"https:\/\/www.radiointeractivo.com.mx\/index.php?rest_route=\/wp\/v2\/posts"}],"about":[{"href":"https:\/\/www.radiointeractivo.com.mx\/index.php?rest_route=\/wp\/v2\/types\/post"}],"author":[{"embeddable":true,"href":"https:\/\/www.radiointeractivo.com.mx\/index.php?rest_route=\/wp\/v2\/users\/1"}],"replies":[{"embeddable":true,"href":"https:\/\/www.radiointeractivo.com.mx\/index.php?rest_route=%2Fwp%2Fv2%2Fcomments&post=11738"}],"version-history":[{"count":1,"href":"https:\/\/www.radiointeractivo.com.mx\/index.php?rest_route=\/wp\/v2\/posts\/11738\/revisions"}],"predecessor-version":[{"id":11740,"href":"https:\/\/www.radiointeractivo.com.mx\/index.php?rest_route=\/wp\/v2\/posts\/11738\/revisions\/11740"}],"wp:featuredmedia":[{"embeddable":true,"href":"https:\/\/www.radiointeractivo.com.mx\/index.php?rest_route=\/wp\/v2\/media\/11739"}],"wp:attachment":[{"href":"https:\/\/www.radiointeractivo.com.mx\/index.php?rest_route=%2Fwp%2Fv2%2Fmedia&parent=11738"}],"wp:term":[{"taxonomy":"category","embeddable":true,"href":"https:\/\/www.radiointeractivo.com.mx\/index.php?rest_route=%2Fwp%2Fv2%2Fcategories&post=11738"},{"taxonomy":"post_tag","embeddable":true,"href":"https:\/\/www.radiointeractivo.com.mx\/index.php?rest_route=%2Fwp%2Fv2%2Ftags&post=11738"}],"curies":[{"name":"wp","href":"https:\/\/api.w.org\/{rel}","templated":true}]}}