{"id":11635,"date":"2024-11-24T22:16:22","date_gmt":"2024-11-25T04:16:22","guid":{"rendered":"https:\/\/www.radiointeractivo.com.mx\/?p=11635"},"modified":"2024-11-24T22:16:23","modified_gmt":"2024-11-25T04:16:23","slug":"destaca-tamaulipas-en-el-indice-de-ciudades-sostenibles-2023","status":"publish","type":"post","link":"https:\/\/www.radiointeractivo.com.mx\/?p=11635","title":{"rendered":"Destaca Tamaulipas en el \u00edndice de Ciudades Sostenibles 2023"},"content":{"rendered":"\n<figure class=\"wp-block-image size-large\"><img loading=\"lazy\" decoding=\"async\" width=\"1024\" height=\"682\" src=\"https:\/\/www.radiointeractivo.com.mx\/wp-content\/uploads\/2024\/11\/WhatsApp-Image-2024-11-24-at-1.59.25-PM-1024x682.jpeg\" alt=\"\" class=\"wp-image-11636\" srcset=\"https:\/\/www.radiointeractivo.com.mx\/wp-content\/uploads\/2024\/11\/WhatsApp-Image-2024-11-24-at-1.59.25-PM-1024x682.jpeg 1024w, https:\/\/www.radiointeractivo.com.mx\/wp-content\/uploads\/2024\/11\/WhatsApp-Image-2024-11-24-at-1.59.25-PM-300x200.jpeg 300w, https:\/\/www.radiointeractivo.com.mx\/wp-content\/uploads\/2024\/11\/WhatsApp-Image-2024-11-24-at-1.59.25-PM-768x512.jpeg 768w, https:\/\/www.radiointeractivo.com.mx\/wp-content\/uploads\/2024\/11\/WhatsApp-Image-2024-11-24-at-1.59.25-PM-1536x1023.jpeg 1536w, https:\/\/www.radiointeractivo.com.mx\/wp-content\/uploads\/2024\/11\/WhatsApp-Image-2024-11-24-at-1.59.25-PM-310x205.jpeg 310w, https:\/\/www.radiointeractivo.com.mx\/wp-content\/uploads\/2024\/11\/WhatsApp-Image-2024-11-24-at-1.59.25-PM.jpeg 1600w\" sizes=\"auto, (max-width: 1024px) 100vw, 1024px\" \/><\/figure>\n\n\n\n<p>-Realizan Secretar\u00eda del Trabajo y Secretar\u00eda de Econom\u00eda, taller en coordinaci\u00f3n con Centro Mario Molina y Banamex<\/p>\n\n\n\n<p>Por: Agencias<\/p>\n\n\n\n<p>Ciudad Victoria, Tamaulipas.- El Gobierno de Tamaulipas a trav\u00e9s de la Secretar\u00eda del Trabajo y Previsi\u00f3n Social, con la colaboraci\u00f3n de la Secretar\u00eda de Econom\u00eda, realiz\u00f3 el Taller del \u00cdndice de Estados y Ciudades Sostenibles 2023 Tamaulipas y Zonas Metropolitanas de Ciudad Victoria Matamoros, Nuevo Laredo, Reynosa y Tampico, gracias a la valiosa participaci\u00f3n del Centro Mario Molina y Banamex.<\/p>\n\n\n\n<p>La bienvenida correspondi\u00f3 al maestro Jorge Artemio Puga Rocha, en representaci\u00f3n del secretario Gerardo Illoldi Reyes, hablando sobre la realizaci\u00f3n de este taller que destaca los avances registrados por el estado de Tamaulipas al a\u00f1o 2023, con una poblaci\u00f3n de 3 millones 685 mil 588 habitantes.<\/p>\n\n\n\n<p>&#8220;Damos la bienvenida a todos ustedes, al Taller de \u00cdndices de Estados y Ciudades Sostenibles 2023&#8243; un evento clave en la construcci\u00f3n de un futuro m\u00e1s justo, equitativo y respetuoso con el medio ambiente, a nombre del secretario Luis Gerardo Illoldi Reyes, titular de la Secretar\u00eda del Trabajo y Previsi\u00f3n Social, agradezco profundamente la colaboraci\u00f3n de Citibanamex, el Centro Mario Molina y el Consejo de la Agenda 2030 del estado de Tamaulipas y a la Secretar\u00eda de Econom\u00eda&#8221;, expres\u00f3 el maestro Jorge Puga Rocha.<\/p>\n\n\n\n<p>En este taller se dio a conocer que Tamaulipas ocupa el lugar 11 de 32 entidades, destacando los municipios de Ciudad Victoria, Matamoros, Nuevo Laredo, Reynosa y Tampico.<\/p>\n\n\n\n<p>Se inform\u00f3 que los \u00edndices de ciudades y estado sostenibles, miden el avance de las metr\u00f3polis y entidades federativas hacia el cumplimiento de los objetivos de desarrollo sostenible, para ello utilizan un conjunto de indicadores de desarrollo que involucran el tema ambiental, social y econ\u00f3mico y proponen valores \u00f3ptimos para cada uno, con base en las metas de la Agenda 2030, donde Tamaulipas se encuentra involucrado y con grandes avances.<\/p>\n","protected":false},"excerpt":{"rendered":"<p>-Realizan Secretar\u00eda del Trabajo y Secretar\u00eda de Econom\u00eda, taller en coordinaci\u00f3n con Centro Mario Molina y Banamex Por: Agencias Ciudad Victoria, Tamaulipas.- El Gobierno de Tamaulipas a trav\u00e9s de la Secretar\u00eda del Trabajo y Previsi\u00f3n Social, con la colaboraci\u00f3n de la Secretar\u00eda de Econom\u00eda, realiz\u00f3 el Taller del \u00cdndice de Estados y Ciudades Sostenibles 2023 &hellip;<\/p>\n","protected":false},"author":1,"featured_media":11637,"comment_status":"open","ping_status":"open","sticky":false,"template":"","format":"standard","meta":{"footnotes":""},"categories":[39],"tags":[],"class_list":["post-11635","post","type-post","status-publish","format-standard","has-post-thumbnail","","category-tamaulipas"],"_links":{"self":[{"href":"https:\/\/www.radiointeractivo.com.mx\/index.php?rest_route=\/wp\/v2\/posts\/11635","targetHints":{"allow":["GET"]}}],"collection":[{"href":"https:\/\/www.radiointeractivo.com.mx\/index.php?rest_route=\/wp\/v2\/posts"}],"about":[{"href":"https:\/\/www.radiointeractivo.com.mx\/index.php?rest_route=\/wp\/v2\/types\/post"}],"author":[{"embeddable":true,"href":"https:\/\/www.radiointeractivo.com.mx\/index.php?rest_route=\/wp\/v2\/users\/1"}],"replies":[{"embeddable":true,"href":"https:\/\/www.radiointeractivo.com.mx\/index.php?rest_route=%2Fwp%2Fv2%2Fcomments&post=11635"}],"version-history":[{"count":1,"href":"https:\/\/www.radiointeractivo.com.mx\/index.php?rest_route=\/wp\/v2\/posts\/11635\/revisions"}],"predecessor-version":[{"id":11638,"href":"https:\/\/www.radiointeractivo.com.mx\/index.php?rest_route=\/wp\/v2\/posts\/11635\/revisions\/11638"}],"wp:featuredmedia":[{"embeddable":true,"href":"https:\/\/www.radiointeractivo.com.mx\/index.php?rest_route=\/wp\/v2\/media\/11637"}],"wp:attachment":[{"href":"https:\/\/www.radiointeractivo.com.mx\/index.php?rest_route=%2Fwp%2Fv2%2Fmedia&parent=11635"}],"wp:term":[{"taxonomy":"category","embeddable":true,"href":"https:\/\/www.radiointeractivo.com.mx\/index.php?rest_route=%2Fwp%2Fv2%2Fcategories&post=11635"},{"taxonomy":"post_tag","embeddable":true,"href":"https:\/\/www.radiointeractivo.com.mx\/index.php?rest_route=%2Fwp%2Fv2%2Ftags&post=11635"}],"curies":[{"name":"wp","href":"https:\/\/api.w.org\/{rel}","templated":true}]}}