{"id":11622,"date":"2024-11-24T22:06:49","date_gmt":"2024-11-25T04:06:49","guid":{"rendered":"https:\/\/www.radiointeractivo.com.mx\/?p=11622"},"modified":"2024-11-24T22:06:50","modified_gmt":"2024-11-25T04:06:50","slug":"fortalecen-la-lucha-contra-la-violencia-de-genero-en-diaz-ordaz","status":"publish","type":"post","link":"https:\/\/www.radiointeractivo.com.mx\/?p=11622","title":{"rendered":"Fortalecen la Lucha Contra la Violencia de G\u00e9nero en D\u00edaz Ordaz"},"content":{"rendered":"\n<figure class=\"wp-block-image size-large\"><img loading=\"lazy\" decoding=\"async\" width=\"1024\" height=\"682\" src=\"https:\/\/www.radiointeractivo.com.mx\/wp-content\/uploads\/2024\/11\/baeacffb-4ca2-4178-a9f3-380e1b50a4cf-1024x682.jpg\" alt=\"\" class=\"wp-image-11623\" srcset=\"https:\/\/www.radiointeractivo.com.mx\/wp-content\/uploads\/2024\/11\/baeacffb-4ca2-4178-a9f3-380e1b50a4cf-1024x682.jpg 1024w, https:\/\/www.radiointeractivo.com.mx\/wp-content\/uploads\/2024\/11\/baeacffb-4ca2-4178-a9f3-380e1b50a4cf-300x200.jpg 300w, https:\/\/www.radiointeractivo.com.mx\/wp-content\/uploads\/2024\/11\/baeacffb-4ca2-4178-a9f3-380e1b50a4cf-768x512.jpg 768w, https:\/\/www.radiointeractivo.com.mx\/wp-content\/uploads\/2024\/11\/baeacffb-4ca2-4178-a9f3-380e1b50a4cf-1536x1023.jpg 1536w, https:\/\/www.radiointeractivo.com.mx\/wp-content\/uploads\/2024\/11\/baeacffb-4ca2-4178-a9f3-380e1b50a4cf-310x205.jpg 310w, https:\/\/www.radiointeractivo.com.mx\/wp-content\/uploads\/2024\/11\/baeacffb-4ca2-4178-a9f3-380e1b50a4cf.jpg 1600w\" sizes=\"auto, (max-width: 1024px) 100vw, 1024px\" \/><\/figure>\n\n\n\n<p>Por: Staff | #DiazOrdaz #Valadeces #Tamaulipas<\/p>\n\n\n\n<p>D\u00edaz Ordaz, Tam. \u2014 Con gran participaci\u00f3n ciudadana y un mensaje contundente de unidad, se llev\u00f3 a cabo el taller \u201cReforma 3 de 3 Contra la Violencia de G\u00e9nero\u201d, evento que concluy\u00f3 con \u00e9xito este s\u00e1bado en el municipio de D\u00edaz Ordaz. La actividad cont\u00f3 con la presencia de la alcaldesa Nataly Garc\u00eda D\u00edaz, quien destac\u00f3 la importancia de construir una sociedad libre de violencia y empoderada desde la ra\u00edz.<\/p>\n\n\n\n<p>Acompa\u00f1ada por Valentina Cota Victoria, Secretaria de Mujeres Morena Tamaulipas, y Sandra Mu\u00f1oz Pecina, Secretaria de Derechos Humanos, la alcaldesa reafirm\u00f3 su compromiso con la igualdad y el respeto a los derechos de las mujeres. \u201cEs momento de crear lazos de hermandad y poner un alto definitivo a la violencia. Las mujeres de D\u00edaz Ordaz estamos organizadas y demostramos con hechos que podemos construir un mejor futuro\u201d, expres\u00f3 Nataly Garc\u00eda D\u00edaz durante su intervenci\u00f3n.<\/p>\n\n\n\n<p>Las ponentes Marcela Garc\u00eda V\u00e1zquez y Alejandra Elizondo Beltr\u00e1n abordaron temas esenciales para erradicar la violencia de g\u00e9nero, utilizando din\u00e1micas participativas que ayudaron a los asistentes a comprender mejor este problema global y c\u00f3mo enfrentarlo en su vida diaria.<\/p>\n\n\n\n<p>Este taller forma parte de los esfuerzos municipales por fortalecer el respeto y la igualdad de g\u00e9nero en D\u00edaz Ordaz, aline\u00e1ndose con las acciones de la Cuarta Transformaci\u00f3n para construir una sociedad m\u00e1s justa e inclusiva.<\/p>\n\n\n\n<p>La actividad concluy\u00f3 con un llamado a todas las mujeres y hombres del municipio a continuar luchando juntos por una vida libre de violencia, demostrando que la uni\u00f3n y la educaci\u00f3n son las herramientas clave para transformar realidades.<\/p>\n","protected":false},"excerpt":{"rendered":"<p>Por: Staff | #DiazOrdaz #Valadeces #Tamaulipas D\u00edaz Ordaz, Tam. \u2014 Con gran participaci\u00f3n ciudadana y un mensaje contundente de unidad, se llev\u00f3 a cabo el taller \u201cReforma 3 de 3 Contra la Violencia de G\u00e9nero\u201d, evento que concluy\u00f3 con \u00e9xito este s\u00e1bado en el municipio de D\u00edaz Ordaz. La actividad cont\u00f3 con la presencia de &hellip;<\/p>\n","protected":false},"author":1,"featured_media":11623,"comment_status":"open","ping_status":"open","sticky":false,"template":"","format":"standard","meta":{"footnotes":""},"categories":[39],"tags":[],"class_list":["post-11622","post","type-post","status-publish","format-standard","has-post-thumbnail","","category-tamaulipas"],"_links":{"self":[{"href":"https:\/\/www.radiointeractivo.com.mx\/index.php?rest_route=\/wp\/v2\/posts\/11622","targetHints":{"allow":["GET"]}}],"collection":[{"href":"https:\/\/www.radiointeractivo.com.mx\/index.php?rest_route=\/wp\/v2\/posts"}],"about":[{"href":"https:\/\/www.radiointeractivo.com.mx\/index.php?rest_route=\/wp\/v2\/types\/post"}],"author":[{"embeddable":true,"href":"https:\/\/www.radiointeractivo.com.mx\/index.php?rest_route=\/wp\/v2\/users\/1"}],"replies":[{"embeddable":true,"href":"https:\/\/www.radiointeractivo.com.mx\/index.php?rest_route=%2Fwp%2Fv2%2Fcomments&post=11622"}],"version-history":[{"count":1,"href":"https:\/\/www.radiointeractivo.com.mx\/index.php?rest_route=\/wp\/v2\/posts\/11622\/revisions"}],"predecessor-version":[{"id":11624,"href":"https:\/\/www.radiointeractivo.com.mx\/index.php?rest_route=\/wp\/v2\/posts\/11622\/revisions\/11624"}],"wp:featuredmedia":[{"embeddable":true,"href":"https:\/\/www.radiointeractivo.com.mx\/index.php?rest_route=\/wp\/v2\/media\/11623"}],"wp:attachment":[{"href":"https:\/\/www.radiointeractivo.com.mx\/index.php?rest_route=%2Fwp%2Fv2%2Fmedia&parent=11622"}],"wp:term":[{"taxonomy":"category","embeddable":true,"href":"https:\/\/www.radiointeractivo.com.mx\/index.php?rest_route=%2Fwp%2Fv2%2Fcategories&post=11622"},{"taxonomy":"post_tag","embeddable":true,"href":"https:\/\/www.radiointeractivo.com.mx\/index.php?rest_route=%2Fwp%2Fv2%2Ftags&post=11622"}],"curies":[{"name":"wp","href":"https:\/\/api.w.org\/{rel}","templated":true}]}}