{"id":11604,"date":"2024-11-24T19:57:14","date_gmt":"2024-11-25T01:57:14","guid":{"rendered":"https:\/\/www.radiointeractivo.com.mx\/?p=11604"},"modified":"2024-11-24T19:57:15","modified_gmt":"2024-11-25T01:57:15","slug":"ratifica-cabildo-a-manuel-ceballos-martinez-como-cronista-de-la-ciudad","status":"publish","type":"post","link":"https:\/\/www.radiointeractivo.com.mx\/?p=11604","title":{"rendered":"RATIFICA CABILDO A MANUEL CEBALLOS MART\u00cdNEZ COMO CRONISTA DE LA CIUDAD"},"content":{"rendered":"\n<figure class=\"wp-block-image size-large\"><img loading=\"lazy\" decoding=\"async\" width=\"1024\" height=\"682\" src=\"https:\/\/www.radiointeractivo.com.mx\/wp-content\/uploads\/2024\/11\/WhatsApp-Image-2024-11-23-at-12.24.33-PM-1024x682.jpeg\" alt=\"\" class=\"wp-image-11605\" srcset=\"https:\/\/www.radiointeractivo.com.mx\/wp-content\/uploads\/2024\/11\/WhatsApp-Image-2024-11-23-at-12.24.33-PM-1024x682.jpeg 1024w, https:\/\/www.radiointeractivo.com.mx\/wp-content\/uploads\/2024\/11\/WhatsApp-Image-2024-11-23-at-12.24.33-PM-300x200.jpeg 300w, https:\/\/www.radiointeractivo.com.mx\/wp-content\/uploads\/2024\/11\/WhatsApp-Image-2024-11-23-at-12.24.33-PM-768x512.jpeg 768w, https:\/\/www.radiointeractivo.com.mx\/wp-content\/uploads\/2024\/11\/WhatsApp-Image-2024-11-23-at-12.24.33-PM-310x205.jpeg 310w, https:\/\/www.radiointeractivo.com.mx\/wp-content\/uploads\/2024\/11\/WhatsApp-Image-2024-11-23-at-12.24.33-PM.jpeg 1280w\" sizes=\"auto, (max-width: 1024px) 100vw, 1024px\" \/><\/figure>\n\n\n\n<p>Por: Staff | #NuevoLaredo #Laredo #NLD #Tamaulipas<\/p>\n\n\n\n<p>El Cabildo de Nuevo Laredo ratific\u00f3 como Cronista de la Ciudad a Manuel Ceballos Mart\u00ednez, al reconocer su labor en la recopilaci\u00f3n, preservaci\u00f3n y difusi\u00f3n del pasado hist\u00f3rico de la comunidad neolaredense.<\/p>\n\n\n\n<p>\u201cHa demostrado la pasi\u00f3n por la historia, herencia de su padre, adem\u00e1s de su labor como investigador, ha participado en proyectos de divulgaci\u00f3n hist\u00f3rica a nivel local\u201d, se\u00f1al\u00f3 la alcaldesa Carmen Lilia Canturosas Villarreal en su propuesta aprobada por unanimidad.<\/p>\n\n\n\n<p>Ceballos Mart\u00ednez particip\u00f3 como guionista y colaborador de los documentales \u201cLa Juventud Revolucionaria de los dos Laredos\u201d y \u201cNuevo Laredo, una historia que nos une\u201d donde se evocan episodios claves para la historia de la ciudad.<\/p>\n\n\n\n<p>Como parte de su trayectoria, ha impartido charlas y conferencias, por ejemplo, sobre la historia del escudo de Nuevo Laredo y el incendio de 1914 en la ciudad.<\/p>\n\n\n\n<p>En su labor docente a nivel bachillerato y universitario, ha impartido c\u00e1tedra en materias relacionadas con la historia, la investigaci\u00f3n y la sociedad , entre otras.<\/p>\n\n\n\n<p>Ha participado en actividades culturales orientadas a la difusi\u00f3n de la historia de Nuevo Laredo y este a\u00f1o present\u00f3 la ponencia \u201cEl agua en el noreste\u201d, donde vincula a ambos Laredos.<\/p>\n\n\n\n<p>\u201cCon mucha honra sigo en este trabajo tan noble que es la preservaci\u00f3n y rescate de Nuevo Laredo porque es algo que hace mucha falta en Nuevo Laredo, para fortalecer el sentido de pertenencia a trav\u00e9s de nuestro pasado\u201d, expres\u00f3 por su parte el cronista de la Ciudad.<\/p>\n\n\n\n<p>Agreg\u00f3 que como objetivo inmediato se abocar\u00e1n a la labor de rescatar archivos que resultaron da\u00f1ados durante el incendio en la Ciudad ocurrido en abril del 2014 en donde se perdi\u00f3 gran parte de la historia de Nuevo Laredo, debido a las pugnas revolucionarias.<\/p>\n","protected":false},"excerpt":{"rendered":"<p>Por: Staff | #NuevoLaredo #Laredo #NLD #Tamaulipas El Cabildo de Nuevo Laredo ratific\u00f3 como Cronista de la Ciudad a Manuel Ceballos Mart\u00ednez, al reconocer su labor en la recopilaci\u00f3n, preservaci\u00f3n y difusi\u00f3n del pasado hist\u00f3rico de la comunidad neolaredense. \u201cHa demostrado la pasi\u00f3n por la historia, herencia de su padre, adem\u00e1s de su labor como &hellip;<\/p>\n","protected":false},"author":1,"featured_media":11606,"comment_status":"open","ping_status":"open","sticky":false,"template":"","format":"standard","meta":{"footnotes":""},"categories":[38],"tags":[],"class_list":["post-11604","post","type-post","status-publish","format-standard","has-post-thumbnail","","category-nuevo-laredo"],"_links":{"self":[{"href":"https:\/\/www.radiointeractivo.com.mx\/index.php?rest_route=\/wp\/v2\/posts\/11604","targetHints":{"allow":["GET"]}}],"collection":[{"href":"https:\/\/www.radiointeractivo.com.mx\/index.php?rest_route=\/wp\/v2\/posts"}],"about":[{"href":"https:\/\/www.radiointeractivo.com.mx\/index.php?rest_route=\/wp\/v2\/types\/post"}],"author":[{"embeddable":true,"href":"https:\/\/www.radiointeractivo.com.mx\/index.php?rest_route=\/wp\/v2\/users\/1"}],"replies":[{"embeddable":true,"href":"https:\/\/www.radiointeractivo.com.mx\/index.php?rest_route=%2Fwp%2Fv2%2Fcomments&post=11604"}],"version-history":[{"count":1,"href":"https:\/\/www.radiointeractivo.com.mx\/index.php?rest_route=\/wp\/v2\/posts\/11604\/revisions"}],"predecessor-version":[{"id":11607,"href":"https:\/\/www.radiointeractivo.com.mx\/index.php?rest_route=\/wp\/v2\/posts\/11604\/revisions\/11607"}],"wp:featuredmedia":[{"embeddable":true,"href":"https:\/\/www.radiointeractivo.com.mx\/index.php?rest_route=\/wp\/v2\/media\/11606"}],"wp:attachment":[{"href":"https:\/\/www.radiointeractivo.com.mx\/index.php?rest_route=%2Fwp%2Fv2%2Fmedia&parent=11604"}],"wp:term":[{"taxonomy":"category","embeddable":true,"href":"https:\/\/www.radiointeractivo.com.mx\/index.php?rest_route=%2Fwp%2Fv2%2Fcategories&post=11604"},{"taxonomy":"post_tag","embeddable":true,"href":"https:\/\/www.radiointeractivo.com.mx\/index.php?rest_route=%2Fwp%2Fv2%2Ftags&post=11604"}],"curies":[{"name":"wp","href":"https:\/\/api.w.org\/{rel}","templated":true}]}}