{"id":11596,"date":"2024-11-24T19:48:13","date_gmt":"2024-11-25T01:48:13","guid":{"rendered":"https:\/\/www.radiointeractivo.com.mx\/?p=11596"},"modified":"2024-11-24T19:48:14","modified_gmt":"2024-11-25T01:48:14","slug":"disfrutan-ciudadanos-de-folklor-baile-y-danzon-en-la-plaza-simon-bolivar","status":"publish","type":"post","link":"https:\/\/www.radiointeractivo.com.mx\/?p=11596","title":{"rendered":"DISFRUTAN CIUDADANOS DE FOLKLOR, BAILE Y DANZ\u00d3N EN LA PLAZA SIM\u00d3N BOL\u00cdVAR"},"content":{"rendered":"\n<figure class=\"wp-block-image size-large\"><img loading=\"lazy\" decoding=\"async\" width=\"1024\" height=\"684\" src=\"https:\/\/www.radiointeractivo.com.mx\/wp-content\/uploads\/2024\/11\/WhatsApp-Image-2024-11-23-at-11.56.16-AM-1024x684.jpeg\" alt=\"\" class=\"wp-image-11597\" srcset=\"https:\/\/www.radiointeractivo.com.mx\/wp-content\/uploads\/2024\/11\/WhatsApp-Image-2024-11-23-at-11.56.16-AM-1024x684.jpeg 1024w, https:\/\/www.radiointeractivo.com.mx\/wp-content\/uploads\/2024\/11\/WhatsApp-Image-2024-11-23-at-11.56.16-AM-300x200.jpeg 300w, https:\/\/www.radiointeractivo.com.mx\/wp-content\/uploads\/2024\/11\/WhatsApp-Image-2024-11-23-at-11.56.16-AM-768x513.jpeg 768w, https:\/\/www.radiointeractivo.com.mx\/wp-content\/uploads\/2024\/11\/WhatsApp-Image-2024-11-23-at-11.56.16-AM-1536x1026.jpeg 1536w, https:\/\/www.radiointeractivo.com.mx\/wp-content\/uploads\/2024\/11\/WhatsApp-Image-2024-11-23-at-11.56.16-AM.jpeg 1600w\" sizes=\"auto, (max-width: 1024px) 100vw, 1024px\" \/><\/figure>\n\n\n\n<p>Por: Staff | #NuevoLaredo #Laredo #NLD #Tamaulipas<\/p>\n\n\n\n<p>Este jueves, la Plaza Sim\u00f3n Bol\u00edvar se convirti\u00f3 en el escenario para una velada llena de m\u00fasica, danza y tradici\u00f3n, con el programa municipal \u201cFolklor, baile y danz\u00f3n en la Sim\u00f3n\u201d en el que decenas de familias se dieron cita.<\/p>\n\n\n\n<p>Felipe Flores Montemayor, Director de Arte y Cultura, destac\u00f3 que este tipo de eventos forman parte del compromiso del gobierno local para impulsar y promover la cultura en la comunidad.<\/p>\n\n\n\n<p>\u201cEs fundamental que todos tengamos acceso a actividades culturales que nos permitan conectarnos con nuestras tradiciones y, sobre todo, disfrutar juntos en familia\u201d, expres\u00f3 el funcionario municipal.<\/p>\n\n\n\n<p>La tarde comenz\u00f3 con la participaci\u00f3n de la Centenaria Banda de M\u00fasica Municipal, quienes interpretaron una serie de melod\u00edas. Adem\u00e1s, el Grupo Folkl\u00f3rico Coatlicue Kids se encarg\u00f3 de a\u00f1adir un toque especial al evento con sus coloridos y vibrantes bailables.<\/p>\n\n\n\n<p>Este tipo de actividades, adem\u00e1s de ser una excelente oportunidad para disfrutar de la cultura, refuerzan el sentido de identidad y pertenencia de los ciudadanos. La Plaza Sim\u00f3n Bol\u00edvar, que se ha convertido en un punto de encuentro cultural, contin\u00faa siendo el espacio para este tipo de eventos gratuitos que fomentan la convivencia.<\/p>\n","protected":false},"excerpt":{"rendered":"<p>Por: Staff | #NuevoLaredo #Laredo #NLD #Tamaulipas Este jueves, la Plaza Sim\u00f3n Bol\u00edvar se convirti\u00f3 en el escenario para una velada llena de m\u00fasica, danza y tradici\u00f3n, con el programa municipal \u201cFolklor, baile y danz\u00f3n en la Sim\u00f3n\u201d en el que decenas de familias se dieron cita. Felipe Flores Montemayor, Director de Arte y Cultura, &hellip;<\/p>\n","protected":false},"author":1,"featured_media":11598,"comment_status":"open","ping_status":"open","sticky":false,"template":"","format":"standard","meta":{"footnotes":""},"categories":[38],"tags":[],"class_list":["post-11596","post","type-post","status-publish","format-standard","has-post-thumbnail","","category-nuevo-laredo"],"_links":{"self":[{"href":"https:\/\/www.radiointeractivo.com.mx\/index.php?rest_route=\/wp\/v2\/posts\/11596","targetHints":{"allow":["GET"]}}],"collection":[{"href":"https:\/\/www.radiointeractivo.com.mx\/index.php?rest_route=\/wp\/v2\/posts"}],"about":[{"href":"https:\/\/www.radiointeractivo.com.mx\/index.php?rest_route=\/wp\/v2\/types\/post"}],"author":[{"embeddable":true,"href":"https:\/\/www.radiointeractivo.com.mx\/index.php?rest_route=\/wp\/v2\/users\/1"}],"replies":[{"embeddable":true,"href":"https:\/\/www.radiointeractivo.com.mx\/index.php?rest_route=%2Fwp%2Fv2%2Fcomments&post=11596"}],"version-history":[{"count":1,"href":"https:\/\/www.radiointeractivo.com.mx\/index.php?rest_route=\/wp\/v2\/posts\/11596\/revisions"}],"predecessor-version":[{"id":11599,"href":"https:\/\/www.radiointeractivo.com.mx\/index.php?rest_route=\/wp\/v2\/posts\/11596\/revisions\/11599"}],"wp:featuredmedia":[{"embeddable":true,"href":"https:\/\/www.radiointeractivo.com.mx\/index.php?rest_route=\/wp\/v2\/media\/11598"}],"wp:attachment":[{"href":"https:\/\/www.radiointeractivo.com.mx\/index.php?rest_route=%2Fwp%2Fv2%2Fmedia&parent=11596"}],"wp:term":[{"taxonomy":"category","embeddable":true,"href":"https:\/\/www.radiointeractivo.com.mx\/index.php?rest_route=%2Fwp%2Fv2%2Fcategories&post=11596"},{"taxonomy":"post_tag","embeddable":true,"href":"https:\/\/www.radiointeractivo.com.mx\/index.php?rest_route=%2Fwp%2Fv2%2Ftags&post=11596"}],"curies":[{"name":"wp","href":"https:\/\/api.w.org\/{rel}","templated":true}]}}