{"id":1159,"date":"2023-09-01T21:06:03","date_gmt":"2023-09-01T21:06:03","guid":{"rendered":"https:\/\/www.radiointeractivo.com.mx\/?p=1159"},"modified":"2023-09-01T21:06:05","modified_gmt":"2023-09-01T21:06:05","slug":"firman-convenio-economia-y-bienestar-para-difusion-de-programas-estatales","status":"publish","type":"post","link":"https:\/\/www.radiointeractivo.com.mx\/?p=1159","title":{"rendered":"Firman convenio Econom\u00eda y Bienestar para difusi\u00f3n de programas estatales"},"content":{"rendered":"\n<ul class=\"wp-block-list\">\n<li>Secretarias Ninfa Cant\u00fa De\u00e1ndar y Ver\u00f3nica Aguirre de Los Santos destacan la coordinaci\u00f3n institucional para el bienestar de las y los tamaulipecos<\/li>\n<\/ul>\n\n\n\n<p>Por: Agencias<\/p>\n\n\n\n<p>Ciudad Victoria, Tamaulipas.- Con la firma de un convenio de colaboraci\u00f3n, el Fondo Tamaulipas de la Secretar\u00eda de Econom\u00eda y la Secretaria de Bienestar impulsar\u00e1n una coordinaci\u00f3n institucional para la promoci\u00f3n de los programas sociales y de financiamiento del Gobierno del Estado.<\/p>\n\n\n\n<p>La secretaria de Econom\u00eda, Ninfa Cant\u00fa De\u00e1ndar se\u00f1al\u00f3 que este convenio refleja el compromiso de ambas dependencias para trabajar juntas en la difusi\u00f3n de los instrumentos de pol\u00edtica social y de apoyo a emprendedores de la administraci\u00f3n del gobernador Am\u00e9rico Villarreal.<\/p>\n\n\n\n<p>Por su parte, la titular de SEBIEN Ver\u00f3nica Aguirre De los Santos destac\u00f3 la sinergia entre las Secretar\u00edas y anunci\u00f3 que a trav\u00e9s de su estructura se divulgar\u00e1n los programas con los que cuenta el Fondo Tamaulipas orientados a apoyar a las y los emprendedores con financiamiento para impulsar el crecimiento y el desarrollo de las vocaciones productivas de cada una de las regiones de la entidad.<\/p>\n\n\n\n<p>El convenio fue firmado por las secretarias de Econom\u00eda; Ninfa Cant\u00fa Deandar; de Bienestar, Ver\u00f3nica Aguirre de Los Santos; la directora del Fondo Tamaulipas, Sandra Mej\u00eda y el subsecretario de Derechos Humanos y Articulaci\u00f3n Social, Esteban Etienne Ruiz.<\/p>\n\n\n\n<p>Cant\u00fa De\u00e1ndar destac\u00f3 que el Fondo Tamaulipas es el rostro social de la pol\u00edtica econ\u00f3mica del gobernador Am\u00e9rico Villarreal y es una instituci\u00f3n que refleja el firme prop\u00f3sito de conciliar el crecimiento econ\u00f3mico con la justicia social y el bienestar.<\/p>\n\n\n\n<p>Se\u00f1al\u00f3 que dispondr\u00e1n de todos los mecanismos comunicacionales de la Secretar\u00eda de Econom\u00eda, sus plataformas digitales y de redes sociales, as\u00ed como los canales internos y lo m\u00e1s importante, el trabajo en territorio que las y los colaboradores del Fondo Tamaulipas llevan a cabo todos los d\u00edas recorriendo cada rinc\u00f3n de nuestro estado para apoyar a las y los emprendedores tamaulipecos.<\/p>\n\n\n\n<p>&#8220;Estoy segura que esta coordinaci\u00f3n institucional y la transversalidad ser\u00e1n fundamentales para el \u00e9xito de esta noble misi\u00f3n&#8221;, finaliz\u00f3.\u201d<\/p>\n","protected":false},"excerpt":{"rendered":"<p>Secretarias Ninfa Cant\u00fa De\u00e1ndar y Ver\u00f3nica Aguirre de Los Santos destacan la coordinaci\u00f3n institucional para el bienestar de las y los tamaulipecos Por: Agencias Ciudad Victoria, Tamaulipas.- Con la firma de un convenio de colaboraci\u00f3n, el Fondo Tamaulipas de la Secretar\u00eda de Econom\u00eda y la Secretaria de Bienestar impulsar\u00e1n una coordinaci\u00f3n institucional para la promoci\u00f3n &hellip;<\/p>\n","protected":false},"author":1,"featured_media":1160,"comment_status":"open","ping_status":"open","sticky":false,"template":"","format":"standard","meta":{"footnotes":""},"categories":[39],"tags":[],"class_list":["post-1159","post","type-post","status-publish","format-standard","has-post-thumbnail","","category-tamaulipas"],"_links":{"self":[{"href":"https:\/\/www.radiointeractivo.com.mx\/index.php?rest_route=\/wp\/v2\/posts\/1159","targetHints":{"allow":["GET"]}}],"collection":[{"href":"https:\/\/www.radiointeractivo.com.mx\/index.php?rest_route=\/wp\/v2\/posts"}],"about":[{"href":"https:\/\/www.radiointeractivo.com.mx\/index.php?rest_route=\/wp\/v2\/types\/post"}],"author":[{"embeddable":true,"href":"https:\/\/www.radiointeractivo.com.mx\/index.php?rest_route=\/wp\/v2\/users\/1"}],"replies":[{"embeddable":true,"href":"https:\/\/www.radiointeractivo.com.mx\/index.php?rest_route=%2Fwp%2Fv2%2Fcomments&post=1159"}],"version-history":[{"count":1,"href":"https:\/\/www.radiointeractivo.com.mx\/index.php?rest_route=\/wp\/v2\/posts\/1159\/revisions"}],"predecessor-version":[{"id":1161,"href":"https:\/\/www.radiointeractivo.com.mx\/index.php?rest_route=\/wp\/v2\/posts\/1159\/revisions\/1161"}],"wp:featuredmedia":[{"embeddable":true,"href":"https:\/\/www.radiointeractivo.com.mx\/index.php?rest_route=\/wp\/v2\/media\/1160"}],"wp:attachment":[{"href":"https:\/\/www.radiointeractivo.com.mx\/index.php?rest_route=%2Fwp%2Fv2%2Fmedia&parent=1159"}],"wp:term":[{"taxonomy":"category","embeddable":true,"href":"https:\/\/www.radiointeractivo.com.mx\/index.php?rest_route=%2Fwp%2Fv2%2Fcategories&post=1159"},{"taxonomy":"post_tag","embeddable":true,"href":"https:\/\/www.radiointeractivo.com.mx\/index.php?rest_route=%2Fwp%2Fv2%2Ftags&post=1159"}],"curies":[{"name":"wp","href":"https:\/\/api.w.org\/{rel}","templated":true}]}}