{"id":11575,"date":"2024-11-22T19:42:21","date_gmt":"2024-11-23T01:42:21","guid":{"rendered":"https:\/\/www.radiointeractivo.com.mx\/?p=11575"},"modified":"2024-11-22T19:42:22","modified_gmt":"2024-11-23T01:42:22","slug":"capacita-sspt-a-personal-operativo-en-protocolo-de-detencion-trato-y-traslado-de-las-personas-detenidas","status":"publish","type":"post","link":"https:\/\/www.radiointeractivo.com.mx\/?p=11575","title":{"rendered":"Capacita SSPT a personal operativo en Protocolo de Detenci\u00f3n, Trato y Traslado de las Personas Detenidas"},"content":{"rendered":"\n<figure class=\"wp-block-image size-large\"><img loading=\"lazy\" decoding=\"async\" width=\"1024\" height=\"683\" src=\"https:\/\/www.radiointeractivo.com.mx\/wp-content\/uploads\/2024\/11\/WhatsApp-Image-2024-11-22-at-3.55.13-PM-1024x683.jpeg\" alt=\"\" class=\"wp-image-11576\" srcset=\"https:\/\/www.radiointeractivo.com.mx\/wp-content\/uploads\/2024\/11\/WhatsApp-Image-2024-11-22-at-3.55.13-PM-1024x683.jpeg 1024w, https:\/\/www.radiointeractivo.com.mx\/wp-content\/uploads\/2024\/11\/WhatsApp-Image-2024-11-22-at-3.55.13-PM-300x200.jpeg 300w, https:\/\/www.radiointeractivo.com.mx\/wp-content\/uploads\/2024\/11\/WhatsApp-Image-2024-11-22-at-3.55.13-PM-768x512.jpeg 768w, https:\/\/www.radiointeractivo.com.mx\/wp-content\/uploads\/2024\/11\/WhatsApp-Image-2024-11-22-at-3.55.13-PM-1536x1024.jpeg 1536w, https:\/\/www.radiointeractivo.com.mx\/wp-content\/uploads\/2024\/11\/WhatsApp-Image-2024-11-22-at-3.55.13-PM.jpeg 1599w\" sizes=\"auto, (max-width: 1024px) 100vw, 1024px\" \/><\/figure>\n\n\n\n<p>Por: Agencias<\/p>\n\n\n\n<p>Ciudad Victoria, Tamaulipas.- Personal de la Guardia Estatal coordinaci\u00f3n Victoria, Guardia Estatal de G\u00e9nero y de la Direcci\u00f3n de Tr\u00e1nsito Estatal asistieron a la conferencia \u201cProtocolo de Detenci\u00f3n, Trato y Traslado de las Personas Detenidas\u201d, impartida en el auditorio de la Universidad de Seguridad y Justicia de Tamaulipas (USJT).<\/p>\n\n\n\n<p>La ponencia estuvo a cargo del director del Consejo de Desarrollo Policial, Igor Mendoza Ruiz, quien abord\u00f3 temas como el Protocolo y Tipos de detenci\u00f3n, incluyendo la realizada en flagrancia.<\/p>\n\n\n\n<p>Referente a la detenci\u00f3n, se expusieron tambi\u00e9n los temas Registro y Protocolos de la misma, obteniendo retroalimentaci\u00f3n y aclarando las dudas del personal capacitado.<\/p>\n\n\n\n<p>Otros temas abordados en esta capacitaci\u00f3n fueron los Controles Preventivos Provisionales; Puesta a Disposici\u00f3n; Cadena de Custodia; Preservaci\u00f3n del Sitio e Indicios; e Informe Policial Homologado (IPH).<\/p>\n\n\n\n<p>A trav\u00e9s de la capacitaci\u00f3n constante, la Secretar\u00eda de Seguridad P\u00fablica de Tamaulipas (SSPT) proporciona al personal operativo herramientas que permitan salvaguardar sus derechos humanos e integridad durante el cumplimiento de su deber y proporcionar a la ciudadan\u00eda una respuesta adecuada.<\/p>\n","protected":false},"excerpt":{"rendered":"<p>Por: Agencias Ciudad Victoria, Tamaulipas.- Personal de la Guardia Estatal coordinaci\u00f3n Victoria, Guardia Estatal de G\u00e9nero y de la Direcci\u00f3n de Tr\u00e1nsito Estatal asistieron a la conferencia \u201cProtocolo de Detenci\u00f3n, Trato y Traslado de las Personas Detenidas\u201d, impartida en el auditorio de la Universidad de Seguridad y Justicia de Tamaulipas (USJT). La ponencia estuvo a &hellip;<\/p>\n","protected":false},"author":1,"featured_media":11576,"comment_status":"open","ping_status":"open","sticky":false,"template":"","format":"standard","meta":{"footnotes":""},"categories":[39],"tags":[],"class_list":["post-11575","post","type-post","status-publish","format-standard","has-post-thumbnail","","category-tamaulipas"],"_links":{"self":[{"href":"https:\/\/www.radiointeractivo.com.mx\/index.php?rest_route=\/wp\/v2\/posts\/11575","targetHints":{"allow":["GET"]}}],"collection":[{"href":"https:\/\/www.radiointeractivo.com.mx\/index.php?rest_route=\/wp\/v2\/posts"}],"about":[{"href":"https:\/\/www.radiointeractivo.com.mx\/index.php?rest_route=\/wp\/v2\/types\/post"}],"author":[{"embeddable":true,"href":"https:\/\/www.radiointeractivo.com.mx\/index.php?rest_route=\/wp\/v2\/users\/1"}],"replies":[{"embeddable":true,"href":"https:\/\/www.radiointeractivo.com.mx\/index.php?rest_route=%2Fwp%2Fv2%2Fcomments&post=11575"}],"version-history":[{"count":1,"href":"https:\/\/www.radiointeractivo.com.mx\/index.php?rest_route=\/wp\/v2\/posts\/11575\/revisions"}],"predecessor-version":[{"id":11577,"href":"https:\/\/www.radiointeractivo.com.mx\/index.php?rest_route=\/wp\/v2\/posts\/11575\/revisions\/11577"}],"wp:featuredmedia":[{"embeddable":true,"href":"https:\/\/www.radiointeractivo.com.mx\/index.php?rest_route=\/wp\/v2\/media\/11576"}],"wp:attachment":[{"href":"https:\/\/www.radiointeractivo.com.mx\/index.php?rest_route=%2Fwp%2Fv2%2Fmedia&parent=11575"}],"wp:term":[{"taxonomy":"category","embeddable":true,"href":"https:\/\/www.radiointeractivo.com.mx\/index.php?rest_route=%2Fwp%2Fv2%2Fcategories&post=11575"},{"taxonomy":"post_tag","embeddable":true,"href":"https:\/\/www.radiointeractivo.com.mx\/index.php?rest_route=%2Fwp%2Fv2%2Ftags&post=11575"}],"curies":[{"name":"wp","href":"https:\/\/api.w.org\/{rel}","templated":true}]}}